{"id":2005,"date":"2019-02-01T00:01:40","date_gmt":"2019-01-31T23:01:40","guid":{"rendered":"https:\/\/www.laiensalvatorianer.at\/spiritual\/?p=2005"},"modified":"2019-01-23T15:34:57","modified_gmt":"2019-01-23T14:34:57","slug":"8-februar-internationaler-gebetstag-gegen-menschenhandel-moderne-sklaverei","status":"publish","type":"post","link":"https:\/\/www.laiensalvatorianer.at\/spiritual\/8-februar-internationaler-gebetstag-gegen-menschenhandel-moderne-sklaverei\/","title":{"rendered":"8. Februar: Internationaler Gebetstag gegen Menschenhandel &#038; moderne Sklaverei"},"content":{"rendered":"\n\n<div class=\"kk-star-ratings kksr-auto kksr-align-right kksr-valign-top\"\n    data-payload='{&quot;align&quot;:&quot;right&quot;,&quot;id&quot;:&quot;2005&quot;,&quot;slug&quot;:&quot;default&quot;,&quot;valign&quot;:&quot;top&quot;,&quot;ignore&quot;:&quot;&quot;,&quot;reference&quot;:&quot;auto&quot;,&quot;class&quot;:&quot;&quot;,&quot;count&quot;:&quot;0&quot;,&quot;legendonly&quot;:&quot;&quot;,&quot;readonly&quot;:&quot;&quot;,&quot;score&quot;:&quot;0&quot;,&quot;starsonly&quot;:&quot;&quot;,&quot;best&quot;:&quot;5&quot;,&quot;gap&quot;:&quot;5&quot;,&quot;greet&quot;:&quot;Rate this post&quot;,&quot;legend&quot;:&quot;0\\\/5 - (0 votes)&quot;,&quot;size&quot;:&quot;24&quot;,&quot;title&quot;:&quot;8. Februar: Internationaler Gebetstag gegen Menschenhandel \\u0026amp; moderne Sklaverei&quot;,&quot;width&quot;:&quot;0&quot;,&quot;_legend&quot;:&quot;{score}\\\/{best} - ({count} {votes})&quot;,&quot;font_factor&quot;:&quot;1.25&quot;}'>\n            \n<div class=\"kksr-stars\">\n    \n<div class=\"kksr-stars-inactive\">\n            <div class=\"kksr-star\" data-star=\"1\" style=\"padding-right: 5px\">\n            \n\n<div class=\"kksr-icon\" style=\"width: 24px; height: 24px;\"><\/div>\n        <\/div>\n            <div class=\"kksr-star\" data-star=\"2\" style=\"padding-right: 5px\">\n            \n\n<div class=\"kksr-icon\" style=\"width: 24px; height: 24px;\"><\/div>\n        <\/div>\n            <div class=\"kksr-star\" data-star=\"3\" style=\"padding-right: 5px\">\n            \n\n<div class=\"kksr-icon\" style=\"width: 24px; height: 24px;\"><\/div>\n        <\/div>\n            <div class=\"kksr-star\" data-star=\"4\" style=\"padding-right: 5px\">\n            \n\n<div class=\"kksr-icon\" style=\"width: 24px; height: 24px;\"><\/div>\n        <\/div>\n            <div class=\"kksr-star\" data-star=\"5\" style=\"padding-right: 5px\">\n            \n\n<div class=\"kksr-icon\" style=\"width: 24px; height: 24px;\"><\/div>\n        <\/div>\n    <\/div>\n    \n<div class=\"kksr-stars-active\" style=\"width: 0px;\">\n            <div class=\"kksr-star\" style=\"padding-right: 5px\">\n            \n\n<div class=\"kksr-icon\" style=\"width: 24px; height: 24px;\"><\/div>\n        <\/div>\n            <div class=\"kksr-star\" style=\"padding-right: 5px\">\n            \n\n<div class=\"kksr-icon\" style=\"width: 24px; height: 24px;\"><\/div>\n        <\/div>\n            <div class=\"kksr-star\" style=\"padding-right: 5px\">\n            \n\n<div class=\"kksr-icon\" style=\"width: 24px; height: 24px;\"><\/div>\n        <\/div>\n            <div class=\"kksr-star\" style=\"padding-right: 5px\">\n            \n\n<div class=\"kksr-icon\" style=\"width: 24px; height: 24px;\"><\/div>\n        <\/div>\n            <div class=\"kksr-star\" style=\"padding-right: 5px\">\n            \n\n<div class=\"kksr-icon\" style=\"width: 24px; height: 24px;\"><\/div>\n        <\/div>\n    <\/div>\n<\/div>\n                \n\n<div class=\"kksr-legend\" style=\"font-size: 19.2px;\">\n            <span class=\"kksr-muted\">Rate this post<\/span>\n    <\/div>\n    <\/div>\n<p><span id=\"result_box\" class=\"\" lang=\"de\"><span class=\"\"> <a href=\"http:\/\/www.laiensalvatorianer.at\/spiritual\/archive\/1247\/bakhita\" rel=\"attachment wp-att-1250\"><img loading=\"lazy\" decoding=\"async\" class=\"alignleft size-medium wp-image-1250\" src=\"http:\/\/www.laiensalvatorianer.at\/spiritual\/wp-content\/uploads\/Bakhita-264x300.png\" alt=\"\" width=\"264\" height=\"300\" srcset=\"https:\/\/www.laiensalvatorianer.at\/spiritual\/wp-content\/uploads\/Bakhita-264x300.png 264w, https:\/\/www.laiensalvatorianer.at\/spiritual\/wp-content\/uploads\/Bakhita.png 385w\" sizes=\"auto, (max-width: 264px) 100vw, 264px\" \/><\/a>Der P\u00e4pstliche Rat f\u00fcr Gerechtigkeit und Frieden und die Internationale Vereinigung der Generaloberen hat den 8. Februar als j\u00e4hrlichen Tag des Gebets und des Bewusstseins gegen den Menschenhandel festgelegt.<\/span> Der <span class=\"\">8. Februar ist der Festtag der hl. Josephine Bakhita, die als Kind entf\u00fchrt und im Sudan und in Italien als Sklavin verkauft wurde. <\/span><\/span><span id=\"result_box\" class=\"\" lang=\"de\"><span class=\"\">Bakhita <\/span><\/span><span id=\"result_box\" class=\"\" lang=\"de\"><span class=\"\">diente ihrem letzen Besitzer als Kinderm\u00e4dchen. <\/span><\/span><span id=\"result_box\" class=\"\" lang=\"de\"><span class=\"\">1888 oder 1889 wurde dessen Tochter dann in die Obhut der <a title=\"Canossianerinnen\" href=\"https:\/\/de.wikipedia.org\/wiki\/Canossianerinnen\">Canossianerinnen<\/a> in Venedig gegeben. Diese erfuhren dadurch von ihrem Schicksal und befreiten Josephine. Sie entschied sich sp\u00e4ter bei den Canossianerinnen zu bleiben<\/span><\/span><span id=\"result_box\" class=\"\" lang=\"de\"><span class=\"\">, wurde eine Nonne und widmete ihr Leben fortan dem Hinweis auf das Schicksal der Sklaven.<\/span> Sie wurde im Jahr 2000 zur Heiligen erkl\u00e4rt.<br \/>\n<\/span><\/p>\n<p><span id=\"result_box\" class=\"\" lang=\"de\">Da viele Mitglieder der Salvatorianischen Familie sich weltweit gegen Menschenhandel und Formen der modernen Sklaverei engagieren, hat das Generalkomitee der Laien-SalvatorianerInnen beschlossen, diese Idee zu Unterst\u00fctzen und den Tag zum gemeinsamen Gebetstag auszurufen. Alle Einheiten sind eingeladen, an diesen Tag durch ein gemeinsames Gebet auf die Formen der modernen Sklaverei aufmerksam zu machen und auch anderen Menschen ins Bewusstsein zu rufen.<br \/>\n<\/span><\/p>\n<p><a href=\"http:\/\/www.laiensalvatorianer.at\/spiritual\/wp-content\/uploads\/ICDS-Feb-8-2017-Prayer-En.pdf\">Gebetsvorschlag vom Generalkomitee in Englisch<\/a><\/p>\n<p><a href=\"http:\/\/www.laiensalvatorianer.at\/spiritual\/wp-content\/uploads\/Gebete-zum-8-Februar.pdf\">Gebetsheft der Salvatorianerinnen<\/a><\/p>\n<p>Nat\u00fcrlich kann es nicht alleine beim gebet bleiben, deshalb sind auch alle Verantwortlichen der Einheiten an diesem Tag besonders aufgerufen, sich mit anderen in den Gemeinschaften zusammen zu schlie\u00dfen, um gemeinsam auf dieses weltweit verbreitete Verbrechen aufmerksam zu machen und Gegenstrategien zu entwickeln. Denn nicht selten findet das Verbrechen der modernen&nbsp; Sklaverei gleich nebenan in der Nachbarschaft statt. Darauf sollen auch die nachfogenden Kurzvideos hinweisen.<\/p>\n<p><a href=\"https:\/\/www.laiensalvatorianer.at\/projekte\/initiative-2_videolb\/video\/mirror-catering.mp4\" rel=\"attachment wp-att-2007\"><img loading=\"lazy\" decoding=\"async\" class=\"aligncenter wp-image-2007 size-full\" src=\"https:\/\/www.laiensalvatorianer.at\/spiritual\/wp-content\/uploads\/mirror-exploitation_in_catering_89sec.vob_.png\" alt=\"\" width=\"160\" height=\"120\"><\/a> <a href=\"https:\/\/www.laiensalvatorianer.at\/projekte\/initiative-2_videolb\/video\/mirror-domestic_service.mp4\" rel=\"attachment wp-att-2008\"><img loading=\"lazy\" decoding=\"async\" class=\"aligncenter wp-image-2008 size-full\" src=\"https:\/\/www.laiensalvatorianer.at\/spiritual\/wp-content\/uploads\/mirror-exploitation_in_domestic_service_87sec.vob_.png\" alt=\"\" width=\"160\" height=\"120\"><\/a> <a href=\"https:\/\/www.laiensalvatorianer.at\/projekte\/initiative-2_videolb\/video\/mirror-construction.mp4\" rel=\"attachment wp-att-2006\"><img loading=\"lazy\" decoding=\"async\" class=\"aligncenter wp-image-2006 size-full\" src=\"https:\/\/www.laiensalvatorianer.at\/spiritual\/wp-content\/uploads\/mirror-construction.png\" alt=\"\" width=\"160\" height=\"120\"><\/a><\/p>\n<p>Und abschlie\u00dfend noch ein Veranstaltungshinweis:<\/p>\n<p><a href=\"https:\/\/www.laiensalvatorianer.at\/spiritual\/?attachment_id=2009\" rel=\"attachment wp-att-2009\"><img loading=\"lazy\" decoding=\"async\" class=\"aligncenter size-medium wp-image-2009\" src=\"https:\/\/www.laiensalvatorianer.at\/spiritual\/wp-content\/uploads\/wgt19_1280_x_1024-212x300.jpg\" alt=\"\" width=\"212\" height=\"300\" srcset=\"https:\/\/www.laiensalvatorianer.at\/spiritual\/wp-content\/uploads\/wgt19_1280_x_1024-212x300.jpg 212w, https:\/\/www.laiensalvatorianer.at\/spiritual\/wp-content\/uploads\/wgt19_1280_x_1024.jpg 724w\" sizes=\"auto, (max-width: 212px) 100vw, 212px\" \/><\/a><\/p>\n<p>&nbsp;<\/p>\n","protected":false},"excerpt":{"rendered":"<p>Der P\u00e4pstliche Rat f\u00fcr Gerechtigkeit und Frieden und die Internationale Vereinigung der Generaloberen hat den 8. Februar als j\u00e4hrlichen Tag des Gebets und des Bewusstseins gegen den Menschenhandel festgelegt. Der 8. Februar ist der Festtag der hl. Josephine Bakhita, die &hellip;<\/p>\n<p><a href=\"https:\/\/www.laiensalvatorianer.at\/spiritual\/8-februar-internationaler-gebetstag-gegen-menschenhandel-moderne-sklaverei\/\">Continue Reading<span class=\"meta-nav\">&rarr;<\/span><\/a><\/p>\n","protected":false},"author":2,"featured_media":0,"comment_status":"open","ping_status":"open","sticky":false,"template":"","format":"standard","meta":{"ngg_post_thumbnail":0,"footnotes":""},"categories":[4,1,13],"tags":[338,223,243,339],"class_list":["post-2005","post","type-post","status-publish","format-standard","hentry","category-besinnliches","category-gebete","category-life","tag-josephine-bakhita","tag-menschenhandel","tag-moderne-sklaverei","tag-weltgebetstag"],"post_mailing_queue_ids":[],"_links":{"self":[{"href":"https:\/\/www.laiensalvatorianer.at\/spiritual\/wp-json\/wp\/v2\/posts\/2005","targetHints":{"allow":["GET"]}}],"collection":[{"href":"https:\/\/www.laiensalvatorianer.at\/spiritual\/wp-json\/wp\/v2\/posts"}],"about":[{"href":"https:\/\/www.laiensalvatorianer.at\/spiritual\/wp-json\/wp\/v2\/types\/post"}],"author":[{"embeddable":true,"href":"https:\/\/www.laiensalvatorianer.at\/spiritual\/wp-json\/wp\/v2\/users\/2"}],"replies":[{"embeddable":true,"href":"https:\/\/www.laiensalvatorianer.at\/spiritual\/wp-json\/wp\/v2\/comments?post=2005"}],"version-history":[{"count":1,"href":"https:\/\/www.laiensalvatorianer.at\/spiritual\/wp-json\/wp\/v2\/posts\/2005\/revisions"}],"predecessor-version":[{"id":2010,"href":"https:\/\/www.laiensalvatorianer.at\/spiritual\/wp-json\/wp\/v2\/posts\/2005\/revisions\/2010"}],"wp:attachment":[{"href":"https:\/\/www.laiensalvatorianer.at\/spiritual\/wp-json\/wp\/v2\/media?parent=2005"}],"wp:term":[{"taxonomy":"category","embeddable":true,"href":"https:\/\/www.laiensalvatorianer.at\/spiritual\/wp-json\/wp\/v2\/categories?post=2005"},{"taxonomy":"post_tag","embeddable":true,"href":"https:\/\/www.laiensalvatorianer.at\/spiritual\/wp-json\/wp\/v2\/tags?post=2005"}],"curies":[{"name":"wp","href":"https:\/\/api.w.org\/{rel}","templated":true}]}}