{"id":2012,"date":"2019-02-14T00:10:48","date_gmt":"2019-02-13T23:10:48","guid":{"rendered":"https:\/\/www.laiensalvatorianer.at\/spiritual\/?p=2012"},"modified":"2019-02-13T15:46:11","modified_gmt":"2019-02-13T14:46:11","slug":"wir-feiern-valentinstag","status":"publish","type":"post","link":"https:\/\/www.laiensalvatorianer.at\/spiritual\/wir-feiern-valentinstag\/","title":{"rendered":"Wir feiern Valentinstag"},"content":{"rendered":"\n\n<div class=\"kk-star-ratings kksr-auto kksr-align-right kksr-valign-top\"\n    data-payload='{&quot;align&quot;:&quot;right&quot;,&quot;id&quot;:&quot;2012&quot;,&quot;slug&quot;:&quot;default&quot;,&quot;valign&quot;:&quot;top&quot;,&quot;ignore&quot;:&quot;&quot;,&quot;reference&quot;:&quot;auto&quot;,&quot;class&quot;:&quot;&quot;,&quot;count&quot;:&quot;0&quot;,&quot;legendonly&quot;:&quot;&quot;,&quot;readonly&quot;:&quot;&quot;,&quot;score&quot;:&quot;0&quot;,&quot;starsonly&quot;:&quot;&quot;,&quot;best&quot;:&quot;5&quot;,&quot;gap&quot;:&quot;5&quot;,&quot;greet&quot;:&quot;Rate this post&quot;,&quot;legend&quot;:&quot;0\\\/5 - (0 votes)&quot;,&quot;size&quot;:&quot;24&quot;,&quot;title&quot;:&quot;Wir feiern Valentinstag&quot;,&quot;width&quot;:&quot;0&quot;,&quot;_legend&quot;:&quot;{score}\\\/{best} - ({count} {votes})&quot;,&quot;font_factor&quot;:&quot;1.25&quot;}'>\n            \n<div class=\"kksr-stars\">\n    \n<div class=\"kksr-stars-inactive\">\n            <div class=\"kksr-star\" data-star=\"1\" style=\"padding-right: 5px\">\n            \n\n<div class=\"kksr-icon\" style=\"width: 24px; height: 24px;\"><\/div>\n        <\/div>\n            <div class=\"kksr-star\" data-star=\"2\" style=\"padding-right: 5px\">\n            \n\n<div class=\"kksr-icon\" style=\"width: 24px; height: 24px;\"><\/div>\n        <\/div>\n            <div class=\"kksr-star\" data-star=\"3\" style=\"padding-right: 5px\">\n            \n\n<div class=\"kksr-icon\" style=\"width: 24px; height: 24px;\"><\/div>\n        <\/div>\n            <div class=\"kksr-star\" data-star=\"4\" style=\"padding-right: 5px\">\n            \n\n<div class=\"kksr-icon\" style=\"width: 24px; height: 24px;\"><\/div>\n        <\/div>\n            <div class=\"kksr-star\" data-star=\"5\" style=\"padding-right: 5px\">\n            \n\n<div class=\"kksr-icon\" style=\"width: 24px; height: 24px;\"><\/div>\n        <\/div>\n    <\/div>\n    \n<div class=\"kksr-stars-active\" style=\"width: 0px;\">\n            <div class=\"kksr-star\" style=\"padding-right: 5px\">\n            \n\n<div class=\"kksr-icon\" style=\"width: 24px; height: 24px;\"><\/div>\n        <\/div>\n            <div class=\"kksr-star\" style=\"padding-right: 5px\">\n            \n\n<div class=\"kksr-icon\" style=\"width: 24px; height: 24px;\"><\/div>\n        <\/div>\n            <div class=\"kksr-star\" style=\"padding-right: 5px\">\n            \n\n<div class=\"kksr-icon\" style=\"width: 24px; height: 24px;\"><\/div>\n        <\/div>\n            <div class=\"kksr-star\" style=\"padding-right: 5px\">\n            \n\n<div class=\"kksr-icon\" style=\"width: 24px; height: 24px;\"><\/div>\n        <\/div>\n            <div class=\"kksr-star\" style=\"padding-right: 5px\">\n            \n\n<div class=\"kksr-icon\" style=\"width: 24px; height: 24px;\"><\/div>\n        <\/div>\n    <\/div>\n<\/div>\n                \n\n<div class=\"kksr-legend\" style=\"font-size: 19.2px;\">\n            <span class=\"kksr-muted\">Rate this post<\/span>\n    <\/div>\n    <\/div>\n<p lang=\"de-DE\" align=\"justify\"><span style=\"font-size: 14pt; font-family: georgia,palatino,serif;\"><a href=\"https:\/\/www.laiensalvatorianer.at\/spiritual\/archive\/669\/valentin2\" rel=\"attachment wp-att-670\"><img loading=\"lazy\" decoding=\"async\" class=\"size-medium wp-image-670 alignleft\" src=\"https:\/\/www.laiensalvatorianer.at\/spiritual\/wp-content\/uploads\/Valentin2-257x300.jpg\" alt=\"\" width=\"257\" height=\"300\" srcset=\"https:\/\/www.laiensalvatorianer.at\/spiritual\/wp-content\/uploads\/Valentin2-257x300.jpg 257w, https:\/\/www.laiensalvatorianer.at\/spiritual\/wp-content\/uploads\/Valentin2.jpg 372w\" sizes=\"auto, (max-width: 257px) 100vw, 257px\" \/><\/a>Am 14. Februar wird wieder der Valentinstag gefeiert und wie jedes Jahr werden Blumen und S\u00fc\u00dfigkeiten als Aufmerksamkeit und Zeichen der Liebe und Wertsch\u00e4tzung verschenkt. Die Geschichte erz\u00e4hlt von zwei Valentins und unterscheidet und vermischt diese zugleich. Da ist einmal ein <em>Valentin von Terni<\/em> und auf der anderen Seite ein <em>Valentin von Rom<\/em>. Es ist nicht auszuschlie\u00dfen, dass es sich dabei auch um ein und dieselbe Person handelt. Valentin von Rom soll als einfacher Priester Liebespaare trotz des Verbots durch Kaiser Claudius II. nach christlichem Ritus getraut haben und daf\u00fcr am 14. Februar 269 hingerichtet worden sein. Zudem habe Valentin den frisch verheirateten Paaren Blumen aus seinem Garten geschenkt. Die Ehen, die von ihm geschlossen wurden, haben der \u00dcberlieferung nach unter einem guten Stern gestanden. Bischof Valentin von Terni soll in Rom durch eine Krankenheilung viele Leute f\u00fcr den christlichen Glauben gewonnen haben. Dies brachte ihm eine Anklage vor Gericht und um das Jahr 268 den M\u00e4rtyrertod durch Enthauptung.<\/span><\/p>\n<p lang=\"de-DE\" align=\"justify\"><a name=\"inserted31382\"><\/a><span style=\"font-size: 14pt; font-family: georgia,palatino,serif;\"> So folgt dieser Tag dem ewigen Traum des Menschen nach Liebe und Gl\u00fcck. Und Valentin hat diesem Traum einen konkreten Ausdruck verliehen, indem er den Menschen Blumen schenkte. Blumen und Pflanzen mit ihren Farben und Formen begleiten seit jeher die Menschen und schenken ihnen viele G\u00fcter f\u00fcr den t\u00e4glichen Bedarf. Ob als Einrichtungsgegenstand in Haus und Garten, als Geschenk bei Feierlichkeiten, bis zum letzten Gru\u00df an liebe Verstorbene, sie sind ein nicht wegzudenkendes Faktum unseres Lebens. Sie bringen uns Freude in den Alltag \u2013 und regen nicht selten zum Tr\u00e4umen an.<\/span><\/p>\n<p lang=\"de-DE\" align=\"justify\"><a name=\"inserted31383\"><\/a><span style=\"font-size: 14pt; font-family: georgia,palatino,serif;\"> Doch es geht nicht vordergr\u00fcndig um die Pflanze, vielmehr geht es darum einem lieben Menschen, einem Verwandten oder Freund zu zeigen \u2013 Du bist mir wertvoll und ich habe auf DICH nicht vergessen. Das ist eine wichtige Geste in der Familie und in Gemeinschaften, wo man sich vielleicht durch vielf\u00e4ltige Aufgaben, Gesch\u00e4ftigkeit oder \u00f6rtliche Trennung langsam aber sicher aus den Augen verliert. Daher sollte man diesen Tag als einen willkommenen Anlass sehen, sich all jener zu besinnen, die einem nicht aus dem Sinn gehen sollten &#8230;<\/span><\/p>\n<p lang=\"de-DE\" align=\"justify\"><span style=\"font-size: 14pt; font-family: georgia,palatino,serif;\">Manchmal reicht auch schon eine kleine Nachricht via email, SMS oder einen anderen Kurznachrichtendienst. Denn es geht doch eigentlich nur um die Geste und die Botschaft:<\/span><\/p>\n<p style=\"text-align: center;\" lang=\"de-DE\" align=\"justify\"><span style=\"font-size: 14pt; font-family: georgia,palatino,serif;\">Du bist f\u00fcr mich etwas Besonderes!<\/span><\/p>\n<p lang=\"de-DE\" align=\"justify\"><a href=\"https:\/\/www.laiensalvatorianer.at\/spiritual\/?attachment_id=2016\" rel=\"attachment wp-att-2016\"><img loading=\"lazy\" decoding=\"async\" class=\"aligncenter size-medium wp-image-2016\" src=\"https:\/\/www.laiensalvatorianer.at\/spiritual\/wp-content\/uploads\/Strauss_1_640_x_480-300x300.jpg\" alt=\"\" width=\"300\" height=\"300\" srcset=\"https:\/\/www.laiensalvatorianer.at\/spiritual\/wp-content\/uploads\/Strauss_1_640_x_480-300x300.jpg 300w, https:\/\/www.laiensalvatorianer.at\/spiritual\/wp-content\/uploads\/Strauss_1_640_x_480-150x150.jpg 150w, https:\/\/www.laiensalvatorianer.at\/spiritual\/wp-content\/uploads\/Strauss_1_640_x_480-400x400.jpg 400w, https:\/\/www.laiensalvatorianer.at\/spiritual\/wp-content\/uploads\/Strauss_1_640_x_480.jpg 480w\" sizes=\"auto, (max-width: 300px) 100vw, 300px\" \/><\/a><\/p>\n","protected":false},"excerpt":{"rendered":"<p>Am 14. Februar wird wieder der Valentinstag gefeiert und wie jedes Jahr werden Blumen und S\u00fc\u00dfigkeiten als Aufmerksamkeit und Zeichen der Liebe und Wertsch\u00e4tzung verschenkt. Die Geschichte erz\u00e4hlt von zwei Valentins und unterscheidet und vermischt diese zugleich. Da ist einmal &hellip;<\/p>\n<p><a href=\"https:\/\/www.laiensalvatorianer.at\/spiritual\/wir-feiern-valentinstag\/\">Continue Reading<span class=\"meta-nav\">&rarr;<\/span><\/a><\/p>\n","protected":false},"author":2,"featured_media":0,"comment_status":"open","ping_status":"open","sticky":false,"template":"","format":"standard","meta":{"ngg_post_thumbnail":0,"footnotes":""},"categories":[4,12],"tags":[131,340],"class_list":["post-2012","post","type-post","status-publish","format-standard","hentry","category-besinnliches","category-kultur","tag-valentin","tag-valentinstag"],"post_mailing_queue_ids":[],"_links":{"self":[{"href":"https:\/\/www.laiensalvatorianer.at\/spiritual\/wp-json\/wp\/v2\/posts\/2012","targetHints":{"allow":["GET"]}}],"collection":[{"href":"https:\/\/www.laiensalvatorianer.at\/spiritual\/wp-json\/wp\/v2\/posts"}],"about":[{"href":"https:\/\/www.laiensalvatorianer.at\/spiritual\/wp-json\/wp\/v2\/types\/post"}],"author":[{"embeddable":true,"href":"https:\/\/www.laiensalvatorianer.at\/spiritual\/wp-json\/wp\/v2\/users\/2"}],"replies":[{"embeddable":true,"href":"https:\/\/www.laiensalvatorianer.at\/spiritual\/wp-json\/wp\/v2\/comments?post=2012"}],"version-history":[{"count":2,"href":"https:\/\/www.laiensalvatorianer.at\/spiritual\/wp-json\/wp\/v2\/posts\/2012\/revisions"}],"predecessor-version":[{"id":2017,"href":"https:\/\/www.laiensalvatorianer.at\/spiritual\/wp-json\/wp\/v2\/posts\/2012\/revisions\/2017"}],"wp:attachment":[{"href":"https:\/\/www.laiensalvatorianer.at\/spiritual\/wp-json\/wp\/v2\/media?parent=2012"}],"wp:term":[{"taxonomy":"category","embeddable":true,"href":"https:\/\/www.laiensalvatorianer.at\/spiritual\/wp-json\/wp\/v2\/categories?post=2012"},{"taxonomy":"post_tag","embeddable":true,"href":"https:\/\/www.laiensalvatorianer.at\/spiritual\/wp-json\/wp\/v2\/tags?post=2012"}],"curies":[{"name":"wp","href":"https:\/\/api.w.org\/{rel}","templated":true}]}}