{"id":2154,"date":"2021-03-17T14:06:22","date_gmt":"2021-03-17T13:06:22","guid":{"rendered":"https:\/\/www.laiensalvatorianer.at\/spiritual\/?p=2154"},"modified":"2021-04-07T13:16:23","modified_gmt":"2021-04-07T11:16:23","slug":"corona-die-geissel","status":"publish","type":"post","link":"https:\/\/www.laiensalvatorianer.at\/spiritual\/corona-die-geissel\/","title":{"rendered":"Corona &#8211; die Gei\u00dfel &#8230;"},"content":{"rendered":"\n\n<div class=\"kk-star-ratings kksr-auto kksr-align-right kksr-valign-top\"\n    data-payload='{&quot;align&quot;:&quot;right&quot;,&quot;id&quot;:&quot;2154&quot;,&quot;slug&quot;:&quot;default&quot;,&quot;valign&quot;:&quot;top&quot;,&quot;ignore&quot;:&quot;&quot;,&quot;reference&quot;:&quot;auto&quot;,&quot;class&quot;:&quot;&quot;,&quot;count&quot;:&quot;0&quot;,&quot;legendonly&quot;:&quot;&quot;,&quot;readonly&quot;:&quot;&quot;,&quot;score&quot;:&quot;0&quot;,&quot;starsonly&quot;:&quot;&quot;,&quot;best&quot;:&quot;5&quot;,&quot;gap&quot;:&quot;5&quot;,&quot;greet&quot;:&quot;Rate this post&quot;,&quot;legend&quot;:&quot;0\\\/5 - (0 votes)&quot;,&quot;size&quot;:&quot;24&quot;,&quot;title&quot;:&quot;Corona - die Gei\u00dfel ...&quot;,&quot;width&quot;:&quot;0&quot;,&quot;_legend&quot;:&quot;{score}\\\/{best} - ({count} {votes})&quot;,&quot;font_factor&quot;:&quot;1.25&quot;}'>\n            \n<div class=\"kksr-stars\">\n    \n<div class=\"kksr-stars-inactive\">\n            <div class=\"kksr-star\" data-star=\"1\" style=\"padding-right: 5px\">\n            \n\n<div class=\"kksr-icon\" style=\"width: 24px; height: 24px;\"><\/div>\n        <\/div>\n            <div class=\"kksr-star\" data-star=\"2\" style=\"padding-right: 5px\">\n            \n\n<div class=\"kksr-icon\" style=\"width: 24px; height: 24px;\"><\/div>\n        <\/div>\n            <div class=\"kksr-star\" data-star=\"3\" style=\"padding-right: 5px\">\n            \n\n<div class=\"kksr-icon\" style=\"width: 24px; height: 24px;\"><\/div>\n        <\/div>\n            <div class=\"kksr-star\" data-star=\"4\" style=\"padding-right: 5px\">\n            \n\n<div class=\"kksr-icon\" style=\"width: 24px; height: 24px;\"><\/div>\n        <\/div>\n            <div class=\"kksr-star\" data-star=\"5\" style=\"padding-right: 5px\">\n            \n\n<div class=\"kksr-icon\" style=\"width: 24px; height: 24px;\"><\/div>\n        <\/div>\n    <\/div>\n    \n<div class=\"kksr-stars-active\" style=\"width: 0px;\">\n            <div class=\"kksr-star\" style=\"padding-right: 5px\">\n            \n\n<div class=\"kksr-icon\" style=\"width: 24px; height: 24px;\"><\/div>\n        <\/div>\n            <div class=\"kksr-star\" style=\"padding-right: 5px\">\n            \n\n<div class=\"kksr-icon\" style=\"width: 24px; height: 24px;\"><\/div>\n        <\/div>\n            <div class=\"kksr-star\" style=\"padding-right: 5px\">\n            \n\n<div class=\"kksr-icon\" style=\"width: 24px; height: 24px;\"><\/div>\n        <\/div>\n            <div class=\"kksr-star\" style=\"padding-right: 5px\">\n            \n\n<div class=\"kksr-icon\" style=\"width: 24px; height: 24px;\"><\/div>\n        <\/div>\n            <div class=\"kksr-star\" style=\"padding-right: 5px\">\n            \n\n<div class=\"kksr-icon\" style=\"width: 24px; height: 24px;\"><\/div>\n        <\/div>\n    <\/div>\n<\/div>\n                \n\n<div class=\"kksr-legend\" style=\"font-size: 19.2px;\">\n            <span class=\"kksr-muted\">Rate this post<\/span>\n    <\/div>\n    <\/div>\n<p>In der geistigen Auseinandersetzung mit der derzeitigen Pandemie und ihren Folgen, dem teilweisen Versagen der politisch Verantwortlichen gegen\u00fcber den Herausforderungen, die diese mit sich bringt, und der Tatsache, dass sich die Karwoche mit gro\u00dfen Schritten n\u00e4hert bin ich \u00fcber die nachfolgenden Zeilen gestolpert. Zeilen, die zum Lesen einladen und zum Nachdenken anregen. Zeilen, die ein interessantes Bild des Leidens widerspiegeln und die Frage stellen, wozu das Leid und was hat das mit Gott zu tun?<\/p>\n<div id=\"25072-AGeDR6\" class=\"col-xl-7 col-lg-9\">\n<h1>&#8222;Die Gei\u00dfelung&#8220;: Was wir aus dem Anschauen seines Leidens lernen k\u00f6nnen<\/h1>\n<p><a href=\"https:\/\/www.laiensalvatorianer.at\/spiritual\/corona-die-geissel\/geissel_800_x_600\/\" rel=\"attachment wp-att-2156\"><img loading=\"lazy\" decoding=\"async\" class=\"alignleft wp-image-2156 size-medium\" src=\"https:\/\/www.laiensalvatorianer.at\/spiritual\/wp-content\/uploads\/Geissel_800_x_600-272x300.jpg\" alt=\"\" width=\"272\" height=\"300\" srcset=\"https:\/\/www.laiensalvatorianer.at\/spiritual\/wp-content\/uploads\/Geissel_800_x_600-272x300.jpg 272w, https:\/\/www.laiensalvatorianer.at\/spiritual\/wp-content\/uploads\/Geissel_800_x_600.jpg 543w\" sizes=\"auto, (max-width: 272px) 100vw, 272px\" \/><\/a>Corona als die Gei\u00dfelung der Gegenwart zu betrachten \u2013 das ist ein naheliegender Gedanke bei der Betrachtung der ersten Kreuzwegstation. Doch in der Krise geht es um mehr. Gott hofft auf Menschen vom Format Jesu. Und die finden sich an vielen Orten.<\/p>\n<p>&#8222;Das Kreuz wie eine Krone tragen&#8220;, war das Motto von <a href=\"https:\/\/www.katholisch.de\/artikel\/60-judin-christin-heilige\">Edith Stein<\/a>, also &#8222;wie eine Corona&#8220;. Die &#8222;vom Kreuz Gesegnete&#8220;, so ihr Ordensname, geht mitleidend f\u00fcr ihr Volk ins KZ, wo Peitsche und Ochsenziemer Menschen niederschlagen. Bis dorthin, wo bitter die Gei\u00dfel des Unrechts herrscht, folgt sie dem <a href=\"https:\/\/www.katholisch.de\/aktuelles\/dossiers\/jesus-christus-der-sohn-gottes\">mit-leidenden Christus<\/a> auf seinem kr\u00f6nenden Osterweg. Er musste ja &#8222;mit lautem Schreien und unter Tr\u00e4nen&#8220; selbst erst lernen, was es hei\u00dft, zu Gott zu geh\u00f6ren (Hebr 5,7ff). <!--more--> Nicht zuf\u00e4llig ist das Osterbild von Christus an der Gei\u00dfels\u00e4ule, das so in der Bibel gar nicht vorkommt, im Herzen und Hoffen der Christenheit in den Mittelpunkt ger\u00fcckt: <a href=\"https:\/\/www.katholisch.de\/artikel\/4823-die-frau-der-grossen-worte\">Teresa von Avila<\/a> zum Beispiel verdankt ihm ihre Emanzipation. Im Anschauen Seines Leidens kann sie mit ihren eigenen Problemen neu umgehen und findet ihren Weg; sie wird zur Kundschafterin von Gottes heilender Gegenwart der Reform(ation). Im Hinschauen auf die &#8222;Not Gottes&#8220; &#8211; so nannte man den gegei\u00dfelten Schmerzensmann \u2013 verwandelt sich die eigene Leidensgeschichte und die der Menschheit. Das vorhandene Leiden wird nicht wegzaubert, es wird auch nicht verkl\u00e4rt: es wird in der Gemeinschaft mit Jesu Passion durchgeschmerzt und so verwandelt. Und alles wird getan, um der &#8222;Kraft der Auferstehung&#8220; (Phil 3,24) heilend Raum zu geben schon jetzt. Passion hei\u00dft hier beides: Leiden und Leidenschaft \u2013 und zwar f\u00fcr Gott und seinen Lebenswillen in allem.<\/p>\n<p><strong>Die Sch\u00f6pfung atmet auf<\/strong><\/p>\n<p>Nicht zuf\u00e4llig spricht man von den gro\u00dfen Infektionskrankheiten als Gei\u00dfeln der Menschheit. Will das <a href=\"https:\/\/www.katholisch.de\/aktuelles\/themenseiten\/die-kirche-waehrend-der-corona-krise\">Coronavirus<\/a>, diese Gei\u00dfel, uns neu daran erinnern, wer Herr im Lebenshaus dieser Erde ist? Jedenfalls werden die Grenzen des Wachstums schmerzlich sp\u00fcrbar. Befreit von der Dreckschleuder Mensch kann die Sch\u00f6pfung aufatmen. Und deutlich wird die kr\u00e4nkende Tatsache, dass es jenseits von Eden kein Menschenrecht auf leidfreies, gar unsterbliches Leben gibt. Wie viel w\u00e4re schon gewonnen, wir k\u00f6nnten der hausgemachten Gewalt ins Gesicht schauen, mit der wir uns und andere leiden machen. Muss es nicht zu denken geben, dass just eine vom Aussterben bedrohte Tierart uns das Coronavirus eingebrockt hat, als wollte sie sich r\u00e4chen nach dem Motto &#8222;Gei\u00dfel zu Gei\u00dfel&#8220;?<\/p>\n<p>Aber schauen wir nicht fixiert auf Corona, schauen wir auf den gegei\u00dfelten Christus und Gottes Not mit Mensch und Welt. Endlich r\u00fcckt da der benachteiligte, der hilfsbed\u00fcrftige, der gegei\u00dfelte Mitmensch in den Blick &#8211; und auch das ungeheure Potential an Solidarit\u00e4t und Kreativit\u00e4t im Helfen und Forschen. Im Zentrum steht Gottes Sch\u00f6pfungsversprechen auf Leben und seine \u00f6sterliche Best\u00e4tigung f\u00fcr immer: was in Wahrheit schon gut ist, soll und wird \u00fcberall auch gut werden \u2013 zwar vorl\u00e4ufig noch, aber definitiv. Leid ist deshalb niemals ein Wert an sich, und warum es diese verdammten Seuchen \u00fcberhaupt geben muss, bleibt als offene Frage und laute Klage. Im Bild des gegei\u00dfelten Christus freilich schaut Gott auch uns an mit der Gegenfrage und -klage: &#8222;Adam\/Eva, wo bist du?&#8220; Er hofft auf Menschen im Format Jesu, in der Haltung von Edith Stein und Teresa, von Ruth Pfau und von dem Pfleger oder der Pflegerin im Seniorenheim.<\/p>\n<h3>Der Autor<\/h3>\n<\/div>\n<p><!--more--><\/p>\n<p>Die Zeilen sind von Gotthard Fuchs (geboren 1938) geschrieben worden. Er ist katholischer Priester und Publizist. In den 1980er und 1990er Jahren war er Direktor der Katholischen Akademie Rabanus Maurus der Di\u00f6zesen Limburg, Mainz und Fulda. Er wirkte auch als ehrenamtlicher Burgpfarrer auf Burg Rothenfels. Er lebt in Wiesbaden.&nbsp;<\/p>\n<p>&nbsp;<\/p>\n","protected":false},"excerpt":{"rendered":"<p>In der geistigen Auseinandersetzung mit der derzeitigen Pandemie und ihren Folgen, dem teilweisen Versagen der politisch Verantwortlichen gegen\u00fcber den Herausforderungen, die diese mit sich bringt, und der Tatsache, dass sich die Karwoche mit gro\u00dfen Schritten n\u00e4hert bin ich \u00fcber die &hellip;<\/p>\n<p><a href=\"https:\/\/www.laiensalvatorianer.at\/spiritual\/corona-die-geissel\/\">Continue Reading<span class=\"meta-nav\">&rarr;<\/span><\/a><\/p>\n","protected":false},"author":2,"featured_media":0,"comment_status":"open","ping_status":"open","sticky":false,"template":"","format":"standard","meta":{"ngg_post_thumbnail":0,"footnotes":""},"categories":[1],"tags":[],"class_list":["post-2154","post","type-post","status-publish","format-standard","hentry","category-gebete"],"post_mailing_queue_ids":[],"_links":{"self":[{"href":"https:\/\/www.laiensalvatorianer.at\/spiritual\/wp-json\/wp\/v2\/posts\/2154","targetHints":{"allow":["GET"]}}],"collection":[{"href":"https:\/\/www.laiensalvatorianer.at\/spiritual\/wp-json\/wp\/v2\/posts"}],"about":[{"href":"https:\/\/www.laiensalvatorianer.at\/spiritual\/wp-json\/wp\/v2\/types\/post"}],"author":[{"embeddable":true,"href":"https:\/\/www.laiensalvatorianer.at\/spiritual\/wp-json\/wp\/v2\/users\/2"}],"replies":[{"embeddable":true,"href":"https:\/\/www.laiensalvatorianer.at\/spiritual\/wp-json\/wp\/v2\/comments?post=2154"}],"version-history":[{"count":6,"href":"https:\/\/www.laiensalvatorianer.at\/spiritual\/wp-json\/wp\/v2\/posts\/2154\/revisions"}],"predecessor-version":[{"id":2172,"href":"https:\/\/www.laiensalvatorianer.at\/spiritual\/wp-json\/wp\/v2\/posts\/2154\/revisions\/2172"}],"wp:attachment":[{"href":"https:\/\/www.laiensalvatorianer.at\/spiritual\/wp-json\/wp\/v2\/media?parent=2154"}],"wp:term":[{"taxonomy":"category","embeddable":true,"href":"https:\/\/www.laiensalvatorianer.at\/spiritual\/wp-json\/wp\/v2\/categories?post=2154"},{"taxonomy":"post_tag","embeddable":true,"href":"https:\/\/www.laiensalvatorianer.at\/spiritual\/wp-json\/wp\/v2\/tags?post=2154"}],"curies":[{"name":"wp","href":"https:\/\/api.w.org\/{rel}","templated":true}]}}