{"id":2179,"date":"2021-05-12T20:46:50","date_gmt":"2021-05-12T18:46:50","guid":{"rendered":"https:\/\/www.laiensalvatorianer.at\/spiritual\/?p=2179"},"modified":"2021-05-12T22:18:33","modified_gmt":"2021-05-12T20:18:33","slug":"mein-weg-in-die-salvatorianische-familie","status":"publish","type":"post","link":"https:\/\/www.laiensalvatorianer.at\/spiritual\/mein-weg-in-die-salvatorianische-familie\/","title":{"rendered":"Mein Weg in die salvatorianische Familie"},"content":{"rendered":"\n\n<div class=\"kk-star-ratings kksr-auto kksr-align-right kksr-valign-top\"\n    data-payload='{&quot;align&quot;:&quot;right&quot;,&quot;id&quot;:&quot;2179&quot;,&quot;slug&quot;:&quot;default&quot;,&quot;valign&quot;:&quot;top&quot;,&quot;ignore&quot;:&quot;&quot;,&quot;reference&quot;:&quot;auto&quot;,&quot;class&quot;:&quot;&quot;,&quot;count&quot;:&quot;0&quot;,&quot;legendonly&quot;:&quot;&quot;,&quot;readonly&quot;:&quot;&quot;,&quot;score&quot;:&quot;0&quot;,&quot;starsonly&quot;:&quot;&quot;,&quot;best&quot;:&quot;5&quot;,&quot;gap&quot;:&quot;5&quot;,&quot;greet&quot;:&quot;Rate this post&quot;,&quot;legend&quot;:&quot;0\\\/5 - (0 votes)&quot;,&quot;size&quot;:&quot;24&quot;,&quot;title&quot;:&quot;Mein Weg in die salvatorianische Familie&quot;,&quot;width&quot;:&quot;0&quot;,&quot;_legend&quot;:&quot;{score}\\\/{best} - ({count} {votes})&quot;,&quot;font_factor&quot;:&quot;1.25&quot;}'>\n            \n<div class=\"kksr-stars\">\n    \n<div class=\"kksr-stars-inactive\">\n            <div class=\"kksr-star\" data-star=\"1\" style=\"padding-right: 5px\">\n            \n\n<div class=\"kksr-icon\" style=\"width: 24px; height: 24px;\"><\/div>\n        <\/div>\n            <div class=\"kksr-star\" data-star=\"2\" style=\"padding-right: 5px\">\n            \n\n<div class=\"kksr-icon\" style=\"width: 24px; height: 24px;\"><\/div>\n        <\/div>\n            <div class=\"kksr-star\" data-star=\"3\" style=\"padding-right: 5px\">\n            \n\n<div class=\"kksr-icon\" style=\"width: 24px; height: 24px;\"><\/div>\n        <\/div>\n            <div class=\"kksr-star\" data-star=\"4\" style=\"padding-right: 5px\">\n            \n\n<div class=\"kksr-icon\" style=\"width: 24px; height: 24px;\"><\/div>\n        <\/div>\n            <div class=\"kksr-star\" data-star=\"5\" style=\"padding-right: 5px\">\n            \n\n<div class=\"kksr-icon\" style=\"width: 24px; height: 24px;\"><\/div>\n        <\/div>\n    <\/div>\n    \n<div class=\"kksr-stars-active\" style=\"width: 0px;\">\n            <div class=\"kksr-star\" style=\"padding-right: 5px\">\n            \n\n<div class=\"kksr-icon\" style=\"width: 24px; height: 24px;\"><\/div>\n        <\/div>\n            <div class=\"kksr-star\" style=\"padding-right: 5px\">\n            \n\n<div class=\"kksr-icon\" style=\"width: 24px; height: 24px;\"><\/div>\n        <\/div>\n            <div class=\"kksr-star\" style=\"padding-right: 5px\">\n            \n\n<div class=\"kksr-icon\" style=\"width: 24px; height: 24px;\"><\/div>\n        <\/div>\n            <div class=\"kksr-star\" style=\"padding-right: 5px\">\n            \n\n<div class=\"kksr-icon\" style=\"width: 24px; height: 24px;\"><\/div>\n        <\/div>\n            <div class=\"kksr-star\" style=\"padding-right: 5px\">\n            \n\n<div class=\"kksr-icon\" style=\"width: 24px; height: 24px;\"><\/div>\n        <\/div>\n    <\/div>\n<\/div>\n                \n\n<div class=\"kksr-legend\" style=\"font-size: 19.2px;\">\n            <span class=\"kksr-muted\">Rate this post<\/span>\n    <\/div>\n    <\/div>\n<p><strong>Das Salvatorianische Charisma \u2013 die Faszination kam pl\u00f6tzlich<\/strong><\/p>\n<p>&nbsp;<\/p>\n<p><a href=\"https:\/\/www.laiensalvatorianer.at\/spiritual\/wp-content\/uploads\/Abdruck-e1620846079524.jpg\"><img loading=\"lazy\" decoding=\"async\" class=\"alignleft size-medium wp-image-2185\" src=\"https:\/\/www.laiensalvatorianer.at\/spiritual\/wp-content\/uploads\/Abdruck-300x225.jpg\" alt=\"\" width=\"300\" height=\"225\" \/><\/a>Es kam v\u00f6llig unerwartet, nicht geplant und seltsam fordernd.<\/p>\n<p>&nbsp;<\/p>\n<p>Aber zuerst die Vorgeschichte:<\/p>\n<p>Seit Jahrzehnten besch\u00e4ftigte ich mich mit unterschiedlichen Ordensregeln. Als ausgebildete Naturwissenschafterin analysierte ich die Regeln nach diversen Kriterien, wie gemeinschaftsbildende Ma\u00dfnahmen, die Rolle des Einzelnen in der Gemeinschaft, die Aufgaben der Ordensgemeinschaften, die Einstellung zur jeweils aktuellen Umgebung, die Rolle des Gehorsams, Ortsabh\u00e4ngigkeit etc.<\/p>\n<p>Meine pers\u00f6nliche Einstellung, mein Privatleben und meine spirituelle Entwicklung w\u00e4hrend all dieser Jahrzehnte waren nie darauf ausgerichtet, selbst in ein Kloster zu gehen. Meine 42 Jahre lange Ehe, die in jeder Hinsicht unglaublich bereichernd und au\u00dfergew\u00f6hnlich war, f\u00f6rderte sowohl meine analytische Vorgangsweise als auch meine Zuwendung zur Mystik.<!--more--><\/p>\n<p>Ich bewunderte Orden, die Jahrhunderte lang ihrer ganz spezifischen Aufgabe treu geblieben waren und deren Mitglieder sich ebendiesen Aufgaben unterordneten. Die eigenen Talente, die Ausbildungen, die bisherigen Berufe, all das war im Rahmen des Ordenslebens oft gar nicht oder nur teilweise m\u00f6glich. Es gab und gibt andere Priorit\u00e4ten: Die unterschiedlichen Wege der Gott-Suche, der Verherrlichung, des Gebetes f\u00fcr Anliegen und die Besinnung. \u00a0All das kann erf\u00fcllend sein und eine ganz pers\u00f6nlich fordernde Aufgabe.<\/p>\n<p>Ich war und bin fest davon \u00fcberzeugt, dass wir aus all diesen Ordensregeln Essenzen f\u00fcr unser weltliches Alltagsleben mitnehmen k\u00f6nnen, wobei ich mich selbst darum bem\u00fcht habe.<\/p>\n<p>Im Laufe der Zeit stellte sich f\u00fcr meinen Mann und mich die Frage, wie wir uns doch n\u00e4her an eine Gemeinschaft binden k\u00f6nnten, ohne unser unabh\u00e4ngiges Denken, unsere ungew\u00f6hnliche Arte des Glaubenslebens, zu vernachl\u00e4ssigen.<\/p>\n<p>Es sollte eine Bindung sein, die uns guttut, aber nicht in ein Korsett zw\u00e4ngt.<\/p>\n<p>Gemeinsam fanden wir keine derartige Gemeinschaft und pflegten trotzdem intensiven Kontakt zu einigen Wenigen, die unsere unterschiedlichen Ankerpunkte wurden.<\/p>\n<p>&nbsp;<\/p>\n<p>Aber zur\u00fcck zu meiner pers\u00f6nlichen Geschichte:<\/p>\n<p>All diese Besch\u00e4ftigung mit Ordensregeln war in gewissem Ma\u00df rational und analytisch, getragen von meiner gro\u00dfen Hochachtung. Nur zwei Gemeinschaften weckten mein intensives Interesse: Die Benediktiner und die Jesuiten. In diese Regeln, Geschichte, Gestaltung des jeweiligen Ordenslebens, der Rolle der Laien und der Zielsetzung der Gemeinschaften drang ich tiefer und suchender ein.<\/p>\n<p>Trotz der Begeisterung f\u00fcr diese Gemeinschaften schloss ich mich nicht, bzw. wir uns nicht, den zugeh\u00f6rigen Laiengruppen an, obwohl mein Mann und ich einmal schon knapp davor waren<\/p>\n<p>Es vergingen Jahre.<\/p>\n<p>Und pl\u00f6tzlich war sie da.<\/p>\n<p>Die Idee, mich intensiver mit den Salvatorianern zu besch\u00e4ftigen, das Charisma n\u00e4her kennen zu lernen. Einfach aus dem Nichts.<\/p>\n<p>Die Idee wurde st\u00e4rker, dr\u00e4ngender, fordernder.<\/p>\n<p>Ich durchforstete B\u00fccher, insbesondere \u00fcber P. Jordan, seine Geschichte, seine Beziehungsf\u00e4higkeit, die Geschichte der M\u00e4nner- und Frauengemeinschaften \u2013 und nat\u00fcrlich, im Vordergrund stehend, \u00fcber das Charisma des Ordens.<\/p>\n<p>Ich war fasziniert.<\/p>\n<p>Zuerst vom Gr\u00fcnder P. Jordan, der trotz vieler Schwierigkeiten, trotz erzwungener \u00c4nderungen, trotz anf\u00e4nglicher Fehlschl\u00e4ge, mit einer unglaublichen stillen Beharrlichkeit vorging. Er war so fest von seiner Aufgabe \u00fcberzeugt, dass er einfach seinen Weg ging, seine Gr\u00fcndungen erreichte \u2013 sanft, mit einer riesengro\u00dfen inneren St\u00e4rke. Nein, er war kein Mann der \u00e4u\u00dferen Macht, der alles als legend\u00e4rer Prediger strahlend erschuf. Er war auch kein Mann, der die weltlichen Ereignisse \u00fcbergehen und kontemplativ leben wollte. Er sah die N\u00f6te der Zeit. Er wusste, was ihm aufgetragen war, was er tun musste, und strahlte diese ruhige \u00dcberzeugung so intensiv aus, dass er Anh\u00e4nger und Mitglieder seiner Gr\u00fcndungen begeistern konnte.<\/p>\n<p>Und dann kam bei auch bei mir eine unglaublich dr\u00e4ngende Begeisterung f\u00fcr die Struktur der Gemeinschaft, wie ich sie noch in keinem mir bekannten Orden gefunden habe:<\/p>\n<p>Die Dreiteilung in M\u00e4nnergemeinschaft (Salvatorianer), Frauengemeinschaft (Salvatorianerinnen) und Laiengemeinschaft (Laiensalvatorianer*innen).<\/p>\n<p>Das war und ist in der katholischen Kirche ein unfassbar seltener Zugang. Die Rolle der Laien in der Verbreitung der Botschaft Jesu ist wichtig, f\u00fcr die Salvatorianer so wichtig, dass sie ein gleichberechtigter Teil in der gesamten Gemeinschaft sind.<\/p>\n<p>Ich konnte es zuerst nicht glauben, war aber dann einfach davon zutiefst begeistert.<\/p>\n<p>Und dann fand ich eine ebenso wichtige, unglaublich menschenfreundliche Botschaft: Im Salvatorianischen Charisma sind alle Menschen willkommen. Jeder\/ jede hat Talente und spezielle Begabungen, die man einbringen kann. Es ist bunt, es ist lebendig, es ist eine Anerkennung jedes Einzelnen. Nein, das macht die weltweite Gruppe nicht einfacher. Aber es zeigt allen Menschen, dass sie willkommen sind.<\/p>\n<p>Und pl\u00f6tzlich war mir klar, dass auch ich gefragt bin. Dass auch ich mich einbringen kann, mit allen M\u00f6glichkeiten, die ich pers\u00f6nlich habe.<\/p>\n<p>Dieser Zugang, diese Anerkennung im Rahmen einer Ordensgemeinschaft, dieses Wissen, um die Wertsch\u00e4tzung jedes Einzelnen, hat mich ber\u00fchrt, begeistert und erf\u00fcllt.<\/p>\n<p>Wenn diese Voraussetzungen tats\u00e4chlich gelebt werden, von den einzelnen Gruppen verinnerlicht und praktiziert werden, dann kann sich ein System des Engagements in den verschiedensten Bereichen bilden, je nach dem, was gerade die Zeit und das Umfeld brauchen. Und ich darf und kann dabei sein.<\/p>\n<p>&nbsp;<\/p>\n<p>Wie sollte ich da nicht fasziniert sein?<\/p>\n<p>Eveline Riedling<\/p>\n<p>&nbsp;<\/p>\n","protected":false},"excerpt":{"rendered":"<p>Das Salvatorianische Charisma \u2013 die Faszination kam pl\u00f6tzlich &nbsp; Es kam v\u00f6llig unerwartet, nicht geplant und seltsam fordernd. &nbsp; Aber zuerst die Vorgeschichte: Seit Jahrzehnten besch\u00e4ftigte ich mich mit unterschiedlichen Ordensregeln. Als ausgebildete Naturwissenschafterin analysierte ich die Regeln nach diversen &hellip;<\/p>\n<p><a href=\"https:\/\/www.laiensalvatorianer.at\/spiritual\/mein-weg-in-die-salvatorianische-familie\/\">Continue Reading<span class=\"meta-nav\">&rarr;<\/span><\/a><\/p>\n","protected":false},"author":46,"featured_media":0,"comment_status":"open","ping_status":"open","sticky":false,"template":"","format":"standard","meta":{"ngg_post_thumbnail":0,"footnotes":""},"categories":[4,13],"tags":[6,355,356],"class_list":["post-2179","post","type-post","status-publish","format-standard","hentry","category-besinnliches","category-life","tag-berufung","tag-lebensweg","tag-suche"],"post_mailing_queue_ids":[],"_links":{"self":[{"href":"https:\/\/www.laiensalvatorianer.at\/spiritual\/wp-json\/wp\/v2\/posts\/2179","targetHints":{"allow":["GET"]}}],"collection":[{"href":"https:\/\/www.laiensalvatorianer.at\/spiritual\/wp-json\/wp\/v2\/posts"}],"about":[{"href":"https:\/\/www.laiensalvatorianer.at\/spiritual\/wp-json\/wp\/v2\/types\/post"}],"author":[{"embeddable":true,"href":"https:\/\/www.laiensalvatorianer.at\/spiritual\/wp-json\/wp\/v2\/users\/46"}],"replies":[{"embeddable":true,"href":"https:\/\/www.laiensalvatorianer.at\/spiritual\/wp-json\/wp\/v2\/comments?post=2179"}],"version-history":[{"count":5,"href":"https:\/\/www.laiensalvatorianer.at\/spiritual\/wp-json\/wp\/v2\/posts\/2179\/revisions"}],"predecessor-version":[{"id":2188,"href":"https:\/\/www.laiensalvatorianer.at\/spiritual\/wp-json\/wp\/v2\/posts\/2179\/revisions\/2188"}],"wp:attachment":[{"href":"https:\/\/www.laiensalvatorianer.at\/spiritual\/wp-json\/wp\/v2\/media?parent=2179"}],"wp:term":[{"taxonomy":"category","embeddable":true,"href":"https:\/\/www.laiensalvatorianer.at\/spiritual\/wp-json\/wp\/v2\/categories?post=2179"},{"taxonomy":"post_tag","embeddable":true,"href":"https:\/\/www.laiensalvatorianer.at\/spiritual\/wp-json\/wp\/v2\/tags?post=2179"}],"curies":[{"name":"wp","href":"https:\/\/api.w.org\/{rel}","templated":true}]}}