{"id":2194,"date":"2021-05-16T09:59:17","date_gmt":"2021-05-16T07:59:17","guid":{"rendered":"https:\/\/www.laiensalvatorianer.at\/spiritual\/?p=2194"},"modified":"2021-05-16T09:59:17","modified_gmt":"2021-05-16T07:59:17","slug":"naeher-an-p-franziskus-herankommen","status":"publish","type":"post","link":"https:\/\/www.laiensalvatorianer.at\/spiritual\/naeher-an-p-franziskus-herankommen\/","title":{"rendered":"N\u00e4her an P. Franziskus herankommen &#8230;"},"content":{"rendered":"\n\n<div class=\"kk-star-ratings kksr-auto kksr-align-right kksr-valign-top\"\n    data-payload='{&quot;align&quot;:&quot;right&quot;,&quot;id&quot;:&quot;2194&quot;,&quot;slug&quot;:&quot;default&quot;,&quot;valign&quot;:&quot;top&quot;,&quot;ignore&quot;:&quot;&quot;,&quot;reference&quot;:&quot;auto&quot;,&quot;class&quot;:&quot;&quot;,&quot;count&quot;:&quot;0&quot;,&quot;legendonly&quot;:&quot;&quot;,&quot;readonly&quot;:&quot;&quot;,&quot;score&quot;:&quot;0&quot;,&quot;starsonly&quot;:&quot;&quot;,&quot;best&quot;:&quot;5&quot;,&quot;gap&quot;:&quot;5&quot;,&quot;greet&quot;:&quot;Rate this post&quot;,&quot;legend&quot;:&quot;0\\\/5 - (0 votes)&quot;,&quot;size&quot;:&quot;24&quot;,&quot;title&quot;:&quot;N\u00e4her an P. Franziskus herankommen ...&quot;,&quot;width&quot;:&quot;0&quot;,&quot;_legend&quot;:&quot;{score}\\\/{best} - ({count} {votes})&quot;,&quot;font_factor&quot;:&quot;1.25&quot;}'>\n            \n<div class=\"kksr-stars\">\n    \n<div class=\"kksr-stars-inactive\">\n            <div class=\"kksr-star\" data-star=\"1\" style=\"padding-right: 5px\">\n            \n\n<div class=\"kksr-icon\" style=\"width: 24px; height: 24px;\"><\/div>\n        <\/div>\n            <div class=\"kksr-star\" data-star=\"2\" style=\"padding-right: 5px\">\n            \n\n<div class=\"kksr-icon\" style=\"width: 24px; height: 24px;\"><\/div>\n        <\/div>\n            <div class=\"kksr-star\" data-star=\"3\" style=\"padding-right: 5px\">\n            \n\n<div class=\"kksr-icon\" style=\"width: 24px; height: 24px;\"><\/div>\n        <\/div>\n            <div class=\"kksr-star\" data-star=\"4\" style=\"padding-right: 5px\">\n            \n\n<div class=\"kksr-icon\" style=\"width: 24px; height: 24px;\"><\/div>\n        <\/div>\n            <div class=\"kksr-star\" data-star=\"5\" style=\"padding-right: 5px\">\n            \n\n<div class=\"kksr-icon\" style=\"width: 24px; height: 24px;\"><\/div>\n        <\/div>\n    <\/div>\n    \n<div class=\"kksr-stars-active\" style=\"width: 0px;\">\n            <div class=\"kksr-star\" style=\"padding-right: 5px\">\n            \n\n<div class=\"kksr-icon\" style=\"width: 24px; height: 24px;\"><\/div>\n        <\/div>\n            <div class=\"kksr-star\" style=\"padding-right: 5px\">\n            \n\n<div class=\"kksr-icon\" style=\"width: 24px; height: 24px;\"><\/div>\n        <\/div>\n            <div class=\"kksr-star\" style=\"padding-right: 5px\">\n            \n\n<div class=\"kksr-icon\" style=\"width: 24px; height: 24px;\"><\/div>\n        <\/div>\n            <div class=\"kksr-star\" style=\"padding-right: 5px\">\n            \n\n<div class=\"kksr-icon\" style=\"width: 24px; height: 24px;\"><\/div>\n        <\/div>\n            <div class=\"kksr-star\" style=\"padding-right: 5px\">\n            \n\n<div class=\"kksr-icon\" style=\"width: 24px; height: 24px;\"><\/div>\n        <\/div>\n    <\/div>\n<\/div>\n                \n\n<div class=\"kksr-legend\" style=\"font-size: 19.2px;\">\n            <span class=\"kksr-muted\">Rate this post<\/span>\n    <\/div>\n    <\/div>\n<p align=\"justify\"><a href=\"https:\/\/www.laiensalvatorianer.at\/spiritual\/ankuendigung-seligsprechungsfeier-v-p-franziskus-jordan\/beatification_logo_german\/\" rel=\"attachment wp-att-2117\"><img loading=\"lazy\" decoding=\"async\" class=\"wp-image-2117 size-medium alignleft\" src=\"https:\/\/www.laiensalvatorianer.at\/spiritual\/wp-content\/uploads\/beatification_logo_German-254x300.jpg\" alt=\"\" width=\"254\" height=\"300\" srcset=\"https:\/\/www.laiensalvatorianer.at\/spiritual\/wp-content\/uploads\/beatification_logo_German-254x300.jpg 254w, https:\/\/www.laiensalvatorianer.at\/spiritual\/wp-content\/uploads\/beatification_logo_German-867x1024.jpg 867w, https:\/\/www.laiensalvatorianer.at\/spiritual\/wp-content\/uploads\/beatification_logo_German-768x907.jpg 768w, https:\/\/www.laiensalvatorianer.at\/spiritual\/wp-content\/uploads\/beatification_logo_German.jpg 1114w\" sizes=\"auto, (max-width: 254px) 100vw, 254px\" \/><\/a>Nach der heutigen Feier der Seligsprechung unseres Gr\u00fcnders stellt sich die Frage, ob wir uns ihm nicht noch mehr ann\u00e4hern sollten. Ich beziehe mich auf die Sprache, die wir verwenden, wenn wir \u00fcber ihn sprechen.<\/p>\n<p align=\"justify\">Nat\u00fcrlich ist es eine Frage der H\u00f6flichkeit, des Anstands und des Respekts, ihn bei seinem Namen zu nennen, Franziskus vom Kreuze Jordan. Aber ich frage mich, ob wir SalvatorianerInnen nicht lieber einfach von Pater Franziskus sprechen sollten. Denn allein durch die Verk\u00fcrzung des Namens k\u00f6nnte er uns n\u00e4her kommen und uns vertrauter werden. Wir k\u00f6nnten ihm vielleicht noch mehr als Mensch auf Augenh\u00f6he begegnen. Ich pers\u00f6nlich glaube, dass das in seinem Sinne w\u00e4re, wenn wir uns als seine geistlichen T\u00f6chter und S\u00f6hne verstehen wollen.<\/p>\n<p align=\"justify\">Dieser Tag der Seligsprechung er\u00f6ffnet vielleicht ein ganz neues Bild des <span style=\"font-family: Calibri, serif;\">Gr\u00fcnders<\/span>: nicht das eines entr\u00fcckten Menschen irgendwo unnahbar auf einer Wolke. Vielmehr sollten wir den von Gott berufenen Menschen neben uns entdecken. Einen Menschen, der trotz aller R\u00fcckschl\u00e4ge, trotz aller Ohnmacht, nicht aufgegeben hat, weil er die Flamme der \u00dcberzeugung in seinem Herzen sp\u00fcrte.<!--more--><\/p>\n<p align=\"justify\">Pater Franziskus soll uns heute leiten, uns zeigen, wie wir seine Ideen und Pl\u00e4ne f\u00fcr die Welt von heute und morgen anpassen und weiterentwickeln k\u00f6nnen. So wie ein guter Lehrer, der dem Lehrling auf Augenh\u00f6he begegnet, weil er wei\u00df, dass er auf diese Weise viel mehr erreichen wird als aus einer Position von oben.<\/p>\n<p align=\"justify\">Eine andere Frage tauchte auf, ob P. Franziskus der Gr\u00fcnder der Laien-Salvatorianer ist. Diese Frage ist nicht einfach zu beantworten, denn eine wirkliche anerkannte Organisation von &#8222;Laien-Salvatorianern&#8220; gab es in der Vergangenheit, besonders zu Zeiten von P. Franziskus, nicht. Und schon gar nicht eine, die er gegr\u00fcndet h\u00e4tte, weil es zu viele Schwierigkeiten und Missverst\u00e4ndnisse mit der Kirchenleitung gab. Vielleicht sollten wir also besser von unserem \u201eInitiator\u201c sprechen, denn das ist es, was er wirklich getan hat. Inspiriert von seinen Gedanken und Visionen entstand der salvatorianische Laienzweig, nachdem die Kirche die wichtige Rolle der Laien im 2. vatikanischen Konzil anerkannt hat.<\/p>\n<p align=\"justify\">M\u00f6gen wir Salvatorianer auf diese Weise unserem Gr\u00fcnder <span style=\"font-family: Calibri, serif;\">und<\/span> Initiator immer nahe sein, nicht als der ferne und unerreichbare Pater Jordan, sondern einfach als Pater Franziskus, der unseren heutigen Weg im Geiste mit uns geht.<\/p>\n<p align=\"justify\">Damit alle IHN erkennen &#8230;<\/p>\n","protected":false},"excerpt":{"rendered":"<p>Nach der heutigen Feier der Seligsprechung unseres Gr\u00fcnders stellt sich die Frage, ob wir uns ihm nicht noch mehr ann\u00e4hern sollten. Ich beziehe mich auf die Sprache, die wir verwenden, wenn wir \u00fcber ihn sprechen. Nat\u00fcrlich ist es eine Frage &hellip;<\/p>\n<p><a href=\"https:\/\/www.laiensalvatorianer.at\/spiritual\/naeher-an-p-franziskus-herankommen\/\">Continue Reading<span class=\"meta-nav\">&rarr;<\/span><\/a><\/p>\n","protected":false},"author":2,"featured_media":0,"comment_status":"open","ping_status":"open","sticky":false,"template":"","format":"standard","meta":{"ngg_post_thumbnail":0,"footnotes":""},"categories":[4,357,138,13],"tags":[363,362,134],"class_list":["post-2194","post","type-post","status-publish","format-standard","hentry","category-besinnliches","category-feierlichkeit","category-glaube","category-life","tag-annaeherung","tag-p-franziskus","tag-p-jordan"],"post_mailing_queue_ids":[],"_links":{"self":[{"href":"https:\/\/www.laiensalvatorianer.at\/spiritual\/wp-json\/wp\/v2\/posts\/2194","targetHints":{"allow":["GET"]}}],"collection":[{"href":"https:\/\/www.laiensalvatorianer.at\/spiritual\/wp-json\/wp\/v2\/posts"}],"about":[{"href":"https:\/\/www.laiensalvatorianer.at\/spiritual\/wp-json\/wp\/v2\/types\/post"}],"author":[{"embeddable":true,"href":"https:\/\/www.laiensalvatorianer.at\/spiritual\/wp-json\/wp\/v2\/users\/2"}],"replies":[{"embeddable":true,"href":"https:\/\/www.laiensalvatorianer.at\/spiritual\/wp-json\/wp\/v2\/comments?post=2194"}],"version-history":[{"count":1,"href":"https:\/\/www.laiensalvatorianer.at\/spiritual\/wp-json\/wp\/v2\/posts\/2194\/revisions"}],"predecessor-version":[{"id":2195,"href":"https:\/\/www.laiensalvatorianer.at\/spiritual\/wp-json\/wp\/v2\/posts\/2194\/revisions\/2195"}],"wp:attachment":[{"href":"https:\/\/www.laiensalvatorianer.at\/spiritual\/wp-json\/wp\/v2\/media?parent=2194"}],"wp:term":[{"taxonomy":"category","embeddable":true,"href":"https:\/\/www.laiensalvatorianer.at\/spiritual\/wp-json\/wp\/v2\/categories?post=2194"},{"taxonomy":"post_tag","embeddable":true,"href":"https:\/\/www.laiensalvatorianer.at\/spiritual\/wp-json\/wp\/v2\/tags?post=2194"}],"curies":[{"name":"wp","href":"https:\/\/api.w.org\/{rel}","templated":true}]}}