{"id":2255,"date":"2023-04-09T11:33:58","date_gmt":"2023-04-09T09:33:58","guid":{"rendered":"https:\/\/www.laiensalvatorianer.at\/spiritual\/?p=2255"},"modified":"2023-04-09T11:38:25","modified_gmt":"2023-04-09T09:38:25","slug":"osterbotschaft-des-icds-generalkomitees","status":"publish","type":"post","link":"https:\/\/www.laiensalvatorianer.at\/spiritual\/osterbotschaft-des-icds-generalkomitees\/","title":{"rendered":"Osterbotschaft des ICDS Generalkomitees"},"content":{"rendered":"\n\n<div class=\"kk-star-ratings kksr-auto kksr-align-right kksr-valign-top\"\n    data-payload='{&quot;align&quot;:&quot;right&quot;,&quot;id&quot;:&quot;2255&quot;,&quot;slug&quot;:&quot;default&quot;,&quot;valign&quot;:&quot;top&quot;,&quot;ignore&quot;:&quot;&quot;,&quot;reference&quot;:&quot;auto&quot;,&quot;class&quot;:&quot;&quot;,&quot;count&quot;:&quot;0&quot;,&quot;legendonly&quot;:&quot;&quot;,&quot;readonly&quot;:&quot;&quot;,&quot;score&quot;:&quot;0&quot;,&quot;starsonly&quot;:&quot;&quot;,&quot;best&quot;:&quot;5&quot;,&quot;gap&quot;:&quot;5&quot;,&quot;greet&quot;:&quot;Rate this post&quot;,&quot;legend&quot;:&quot;0\\\/5 - (0 votes)&quot;,&quot;size&quot;:&quot;24&quot;,&quot;title&quot;:&quot;Osterbotschaft des ICDS Generalkomitees&quot;,&quot;width&quot;:&quot;0&quot;,&quot;_legend&quot;:&quot;{score}\\\/{best} - ({count} {votes})&quot;,&quot;font_factor&quot;:&quot;1.25&quot;}'>\n            \n<div class=\"kksr-stars\">\n    \n<div class=\"kksr-stars-inactive\">\n            <div class=\"kksr-star\" data-star=\"1\" style=\"padding-right: 5px\">\n            \n\n<div class=\"kksr-icon\" style=\"width: 24px; height: 24px;\"><\/div>\n        <\/div>\n            <div class=\"kksr-star\" data-star=\"2\" style=\"padding-right: 5px\">\n            \n\n<div class=\"kksr-icon\" style=\"width: 24px; height: 24px;\"><\/div>\n        <\/div>\n            <div class=\"kksr-star\" data-star=\"3\" style=\"padding-right: 5px\">\n            \n\n<div class=\"kksr-icon\" style=\"width: 24px; height: 24px;\"><\/div>\n        <\/div>\n            <div class=\"kksr-star\" data-star=\"4\" style=\"padding-right: 5px\">\n            \n\n<div class=\"kksr-icon\" style=\"width: 24px; height: 24px;\"><\/div>\n        <\/div>\n            <div class=\"kksr-star\" data-star=\"5\" style=\"padding-right: 5px\">\n            \n\n<div class=\"kksr-icon\" style=\"width: 24px; height: 24px;\"><\/div>\n        <\/div>\n    <\/div>\n    \n<div class=\"kksr-stars-active\" style=\"width: 0px;\">\n            <div class=\"kksr-star\" style=\"padding-right: 5px\">\n            \n\n<div class=\"kksr-icon\" style=\"width: 24px; height: 24px;\"><\/div>\n        <\/div>\n            <div class=\"kksr-star\" style=\"padding-right: 5px\">\n            \n\n<div class=\"kksr-icon\" style=\"width: 24px; height: 24px;\"><\/div>\n        <\/div>\n            <div class=\"kksr-star\" style=\"padding-right: 5px\">\n            \n\n<div class=\"kksr-icon\" style=\"width: 24px; height: 24px;\"><\/div>\n        <\/div>\n            <div class=\"kksr-star\" style=\"padding-right: 5px\">\n            \n\n<div class=\"kksr-icon\" style=\"width: 24px; height: 24px;\"><\/div>\n        <\/div>\n            <div class=\"kksr-star\" style=\"padding-right: 5px\">\n            \n\n<div class=\"kksr-icon\" style=\"width: 24px; height: 24px;\"><\/div>\n        <\/div>\n    <\/div>\n<\/div>\n                \n\n<div class=\"kksr-legend\" style=\"font-size: 19.2px;\">\n            <span class=\"kksr-muted\">Rate this post<\/span>\n    <\/div>\n    <\/div>\n<p><a href=\"https:\/\/www.laiensalvatorianer.at\/spiritual\/osterbotschaft-des-icds-generalkomitees\/\" rel=\"attachment wp-att-2256\"><img loading=\"lazy\" decoding=\"async\" class=\"aligncenter wp-image-2256 size-full\" src=\"https:\/\/www.laiensalvatorianer.at\/spiritual\/wp-content\/uploads\/Ostern2023_1024_x_768.jpg\" alt=\"\" width=\"544\" height=\"768\" srcset=\"https:\/\/www.laiensalvatorianer.at\/spiritual\/wp-content\/uploads\/Ostern2023_1024_x_768.jpg 544w, https:\/\/www.laiensalvatorianer.at\/spiritual\/wp-content\/uploads\/Ostern2023_1024_x_768-213x300.jpg 213w\" sizes=\"auto, (max-width: 544px) 100vw, 544px\" \/><\/a><!--more--><\/p>\n<p><a href=\"https:\/\/www.laiensalvatorianer.at\/spiritual\/osterbotschaft-des-icds-generalkomitees\/ostern2023_2_1024_x_768\/\" rel=\"attachment wp-att-2257\"><img loading=\"lazy\" decoding=\"async\" class=\"aligncenter size-full wp-image-2257\" src=\"https:\/\/www.laiensalvatorianer.at\/spiritual\/wp-content\/uploads\/Ostern2023_2_1024_x_768.jpg\" alt=\"\" width=\"544\" height=\"768\" srcset=\"https:\/\/www.laiensalvatorianer.at\/spiritual\/wp-content\/uploads\/Ostern2023_2_1024_x_768.jpg 544w, https:\/\/www.laiensalvatorianer.at\/spiritual\/wp-content\/uploads\/Ostern2023_2_1024_x_768-213x300.jpg 213w\" sizes=\"auto, (max-width: 544px) 100vw, 544px\" \/><\/a><\/p>\n<p>&nbsp;<\/p>\n<p>&nbsp;<\/p>\n<p align=\"justify\"><span style=\"color: #880e4f;\"><span style=\"font-family: BibleScrT, sans-serif;\"><span style=\"font-size: large;\"><a href=\"https:\/\/www.laiensalvatorianer.at\/spiritual\/osterbotschaft-des-icds-generalkomitees\/emmaus-sm\/\" rel=\"attachment wp-att-2260\"><img loading=\"lazy\" decoding=\"async\" class=\"size-full wp-image-2260 alignleft\" src=\"https:\/\/www.laiensalvatorianer.at\/spiritual\/wp-content\/uploads\/Emmaus-sm.png\" alt=\"\" width=\"246\" height=\"244\" srcset=\"https:\/\/www.laiensalvatorianer.at\/spiritual\/wp-content\/uploads\/Emmaus-sm.png 246w, https:\/\/www.laiensalvatorianer.at\/spiritual\/wp-content\/uploads\/Emmaus-sm-150x150.png 150w\" sizes=\"auto, (max-width: 246px) 100vw, 246px\" \/><\/a><span style=\"font-size: 14pt;\">Am Weg nach Emmaus<\/span><\/span><\/span><\/span><\/p>\n<p align=\"justify\"><span style=\"font-family: 'Andale Sans', sans-serif; font-size: 12pt;\"><span style=\"color: #000000;\">Die Erz\u00e4hlung von den Emmaus-J\u00fcngern im 24. Kapitel des Lukasevangeliums gilt als biblischer Beleg f\u00fcr die Auferstehung Jesu von den Toten. Berichtet wird darin die Geschichte zweier J\u00fcnger, die sich drei Tage nach Jesu Kreuzigung von Jerusalem auf den Weg in den benachbarten Ort Emmaus machen, aus dem der J\u00fcnger Kleopas stammte. Beide Wanderer sind niedergeschlagen und hoffnungslos: Jesus \u2013 ihr Meister <\/span><span style=\"color: #000000;\">und \u201eLebensmensch\u201c<\/span><span style=\"color: #000000;\"> \u2013 wurde hingerichtet und sein Leichnam offenbar gestohlen, denn das Grab, das sie <\/span><span style=\"color: #000000;\">aufg<\/span><span style=\"color: #000000;\">esucht hatten, war leer. Als sie sich <\/span><span style=\"color: #000000;\">sp\u00e4ter am Weg <\/span><span style=\"color: #000000;\">dar\u00fcber austauschen, schlie\u00dft sich ihnen unterwegs ein unbekannter Wanderer an. <\/span><span style=\"color: #000000;\">Er h\u00f6rt ihnen zu<\/span><span style=\"color: #000000;\"> und <\/span><span style=\"color: #000000;\">beginnt<\/span><span style=\"color: #000000;\"> ihnen die Zusammenh\u00e4nge <\/span><span style=\"color: #000000;\">aufzuzeigen<\/span><span style=\"color: #000000;\">. Am Abend teilt er mit ihnen das Brot und ist pl\u00f6tzlich verschwunden. Erst da erkennen die J\u00fcnger, dass es sich bei dem Fremden um Jesus <\/span><span style=\"color: #000000;\">selbst ge<\/span><span style=\"color: #000000;\">handelt <\/span><span style=\"color: #000000;\">hatt<\/span><span style=\"color: #000000;\">e &#8211; sie erkennen ihn erst, als sie ihn nicht mehr sehen.<\/span> <\/span><\/p>\n<p align=\"justify\"><span style=\"font-family: 'Andale Sans', sans-serif; font-size: 12pt;\">Wie oft w\u00fcnschen wir uns Gottes leibhaftige Pr\u00e4senz in unserem Leben, wenn wir niedergeschlagen und verzweifelt sind, und unsere Hoffnung schwindet? Da w\u00e4re es doch fein, w\u00fcrde er nur den Hauch eines Gedankens dazu verwenden, unsere Situation zu einer anderen zu machen, unser Leben zu ver\u00e4ndern, von Sorgen und N\u00f6ten zu befreien. &#8211; Die Realit\u00e4t ist eine andere, und das ist gut so, auch wenn wir es oft nicht verstehen. Wenn wir n\u00e4mlich genauer hinsehen, so m\u00fcssen wir erkennen, wie viel von dem, was uns bedr\u00fcckt, uns den Atem oder die Perspektive raubt, nicht Gottes Wille ist, sondern Dinge, die von Menschen gemacht, ich w\u00fcrde sagen, verbrochen wurden. Ob es nun die derzeitigen Erkenntnisse der globalen Klimakrise, die Not an sauberem Trinkwasser, die Migrations- und Fl\u00fcchtlingsbewegungen, die Kriege, die ungerechte Verteilung der Ressourcen usw. sind. Vieles davon ist zum \u00fcberwiegenden Teil ein Ergebnis von Habgier, Neid, Ausbeutung, Unterdr\u00fcckung, usw. Als Ganzes gesehen \u2013 einfach erdr\u00fcckend, entmutigend. Was uns bleibt ist Hilflosigkeit, das Gef\u00fchl der Einsamkeit, des Verlassenseins, der Ausweglosigkeit.<\/span><\/p>\n<p align=\"justify\"><span style=\"font-size: 12pt;\"><span style=\"font-family: Andale Sans, sans-serif;\">Aber ist es so? &#8211; <\/span><span style=\"font-family: Andale Sans, sans-serif;\">\u201eWer auch immer ein einziges Leben rettet, der ist, als ob er die ganze Welt gerettet h\u00e4tte&#8220;, hei\u00dft es in einem der bedeutendsten Schriftwerke des Judentums, dem Talmud. Auch wenn der Talmud in der uns heute bekannten Form zur Zeit Jesu so nicht vorlag, so waren es doch Vorl\u00e4ufer, die den Juden dieser Zeit gel\u00e4ufig waren. <\/span><\/span><\/p>\n<p align=\"justify\"><span style=\"font-size: 12pt;\">Ja, als einzelne k\u00f6nnen wir nicht die ganze Welt retten. Es gibt so viele Aufgaben, so viele Baustellen mit Missst\u00e4nden. Aber wir k\u00f6nnen uns zusammen schlie\u00dfen, gemeinsam Informationen austauschen, uns gegenseitig die Augen \u00f6ffnen, den Blickwinkel erweitern. Und dann Ideen entwickeln und Hand dort anlegen, wo sie gebraucht wird, wo es effizient ist. An Stellen oder in Bereichen, wo noch niemand etwas unternimmt. Auch und vielleicht gerade dort, wo niemand erwarten w\u00fcrde, das katholische Laien sich hier f\u00fcr eine bessere und gerechtere Welt einsetzen. Eine Welt in der die Liebe Gottes alle Menschen erreicht.<\/span><\/p>\n<p align=\"justify\"><span style=\"font-size: 12pt;\">Diese Situation von Emmaus ist ein gutes Beispiel, den Auferstandenen dort zu erkennen, wo wir ihn nicht vermuten w\u00fcrden. Er geht mit uns, ist mit uns auf der Reise, auch dann wenn wir es gar nicht merken. Er l\u00e4dt uns ein, immer wieder neu unser Lot, unsere Erdung zu ihm zu finden. Und er wei\u00df \u00fcber Notwendigkeit und Wichtigkeit der Gemeinschaft. Denn diese st\u00e4rkt, l\u00e4sst uns ein geistiges Zuhause haben, ist uns Quelle und R\u00fcckzugsort.<\/span><\/p>\n<p align=\"justify\"><span style=\"font-size: 12pt;\">Die ICDS erhielt am 8. Februar dieses Jahres die offizielle Anerkennung durch die Kirche. Dies ist ein Auftrag f\u00fcr uns, aus dieser bislang teilweise nur auf dem Papier bestehenden Gemeinschaft eine echte und nachhaltige zu formen. Die Statuten und Richtlinien sind ein wichtiger Bestandteil und n\u00f6tig f\u00fcr die Zusammenarbeit. Aber viel mehr wiegt, wie wir, jeder einzelne Laien-Salvatorianer diesen Zeilen Leben einhaucht und sie lebendig werden l\u00e4sst. Indem wir zeigen, was es hei\u00dft, an vorderster Front der Verk\u00fcndigung der Frohen Botschaft zu wirken, mit allen Mitteln, die uns die Liebe Christi eingibt. Die Salvatorianische Universalit\u00e4t ist unser Werkzeug zur Kreativit\u00e4t, zum Entdecken neuer oder versch\u00fctteter Talente in uns, die anderen zur Hilfe in ihrem Leben werden.<\/span><\/p>\n<p align=\"justify\"><span style=\"font-size: 12pt;\">Die Botschaft von Emmaus ist so lebendig und aktuell, gerade in unseren Tagen. Die Welt braucht uns Laien-Salvatorianer, als einzelne und in der Gemeinschaft, damit wir die richtigen Antworten auf die Fragen und N\u00f6te der heutigen Menschen finden. Unsere Sprache ist die Liebe Gottes, die uns verbindet. F\u00fcr uns gibt es keine erste, zweite oder dritte Welt, sondern nur diese eine, von Gott uns gegebene. Sie ist uns anvertraut und wir d\u00fcrfen sie nutzen, aber nicht ausbeuten und zerst\u00f6ren.<\/span><\/p>\n<p align=\"justify\"><span style=\"font-size: 12pt;\">Die Karwoche und das Fest der Auferstehung Christi l\u00e4dt ganz besonders zur Besinnung ein, zur Reflektion des eigenen Lebensweges und der Neujustierung. Rufen wir uns dazu auch das alte Gebet aus dem 14. Jahrhundert in Erinnerung, in dem es hei\u00dft, Jesus hat keine H\u00e4nde, nur unsere H\u00e4nde, um seine Mission heute zu erf\u00fcllen. WIR sind gerufen und berufen &#8211; ob gelegen oder ungelegen &#8211; in die Fu\u00dfstapfen Christi und des Seligen Franziskus Jordan zu treten und als Salvatorianer die Liebe Gottes zu allen Menschen zu bringen. Damit untrennbar verbunden ist der Schutz des Lebens und die Bewahrung der Sch\u00f6pfung. M\u00f6ge uns Gott auf unserem salvatorianischen Sendungsweg immer zur Seite stehen.<\/span><\/p>\n<p align=\"justify\"><span style=\"font-size: 12pt;\">Der Herr ist auferstanden \u2013 er ist wahrhaft auferstanden! &#8211; Amen.<\/span><\/p>\n<p align=\"justify\"><span style=\"font-size: 12pt;\">Ein frohes und gesegnetes Osterfest!<\/span><\/p>\n<p align=\"justify\"><span style=\"font-family: 'Amazone BT', cursive; font-size: 18pt;\"> <span style=\"color: #880e4f;\">Das Generalkomitee der <\/span><span style=\"color: #880e4f;\"><span style=\"font-family: BibleScrT, sans-serif;\">ICDS<\/span><\/span><\/span><\/p>\n","protected":false},"excerpt":{"rendered":"","protected":false},"author":2,"featured_media":0,"comment_status":"open","ping_status":"open","sticky":false,"template":"","format":"standard","meta":{"ngg_post_thumbnail":0,"footnotes":""},"categories":[4,333],"tags":[117,372],"class_list":["post-2255","post","type-post","status-publish","format-standard","hentry","category-besinnliches","category-ostern","tag-emmaus","tag-gc-icds"],"post_mailing_queue_ids":[],"_links":{"self":[{"href":"https:\/\/www.laiensalvatorianer.at\/spiritual\/wp-json\/wp\/v2\/posts\/2255","targetHints":{"allow":["GET"]}}],"collection":[{"href":"https:\/\/www.laiensalvatorianer.at\/spiritual\/wp-json\/wp\/v2\/posts"}],"about":[{"href":"https:\/\/www.laiensalvatorianer.at\/spiritual\/wp-json\/wp\/v2\/types\/post"}],"author":[{"embeddable":true,"href":"https:\/\/www.laiensalvatorianer.at\/spiritual\/wp-json\/wp\/v2\/users\/2"}],"replies":[{"embeddable":true,"href":"https:\/\/www.laiensalvatorianer.at\/spiritual\/wp-json\/wp\/v2\/comments?post=2255"}],"version-history":[{"count":6,"href":"https:\/\/www.laiensalvatorianer.at\/spiritual\/wp-json\/wp\/v2\/posts\/2255\/revisions"}],"predecessor-version":[{"id":2265,"href":"https:\/\/www.laiensalvatorianer.at\/spiritual\/wp-json\/wp\/v2\/posts\/2255\/revisions\/2265"}],"wp:attachment":[{"href":"https:\/\/www.laiensalvatorianer.at\/spiritual\/wp-json\/wp\/v2\/media?parent=2255"}],"wp:term":[{"taxonomy":"category","embeddable":true,"href":"https:\/\/www.laiensalvatorianer.at\/spiritual\/wp-json\/wp\/v2\/categories?post=2255"},{"taxonomy":"post_tag","embeddable":true,"href":"https:\/\/www.laiensalvatorianer.at\/spiritual\/wp-json\/wp\/v2\/tags?post=2255"}],"curies":[{"name":"wp","href":"https:\/\/api.w.org\/{rel}","templated":true}]}}