{"id":2314,"date":"2024-12-01T10:50:13","date_gmt":"2024-12-01T09:50:13","guid":{"rendered":"https:\/\/www.laiensalvatorianer.at\/spiritual\/?p=2314"},"modified":"2024-12-01T10:50:13","modified_gmt":"2024-12-01T09:50:13","slug":"1-adventsonntag-2024-hoffnung","status":"publish","type":"post","link":"https:\/\/www.laiensalvatorianer.at\/spiritual\/1-adventsonntag-2024-hoffnung\/","title":{"rendered":"1. Adventsonntag 2024: HOFFNUNG"},"content":{"rendered":"\n\n<div class=\"kk-star-ratings kksr-auto kksr-align-right kksr-valign-top\"\n    data-payload='{&quot;align&quot;:&quot;right&quot;,&quot;id&quot;:&quot;2314&quot;,&quot;slug&quot;:&quot;default&quot;,&quot;valign&quot;:&quot;top&quot;,&quot;ignore&quot;:&quot;&quot;,&quot;reference&quot;:&quot;auto&quot;,&quot;class&quot;:&quot;&quot;,&quot;count&quot;:&quot;0&quot;,&quot;legendonly&quot;:&quot;&quot;,&quot;readonly&quot;:&quot;&quot;,&quot;score&quot;:&quot;0&quot;,&quot;starsonly&quot;:&quot;&quot;,&quot;best&quot;:&quot;5&quot;,&quot;gap&quot;:&quot;5&quot;,&quot;greet&quot;:&quot;Rate this post&quot;,&quot;legend&quot;:&quot;0\\\/5 - (0 votes)&quot;,&quot;size&quot;:&quot;24&quot;,&quot;title&quot;:&quot;1. Adventsonntag 2024: HOFFNUNG&quot;,&quot;width&quot;:&quot;0&quot;,&quot;_legend&quot;:&quot;{score}\\\/{best} - ({count} {votes})&quot;,&quot;font_factor&quot;:&quot;1.25&quot;}'>\n            \n<div class=\"kksr-stars\">\n    \n<div class=\"kksr-stars-inactive\">\n            <div class=\"kksr-star\" data-star=\"1\" style=\"padding-right: 5px\">\n            \n\n<div class=\"kksr-icon\" style=\"width: 24px; height: 24px;\"><\/div>\n        <\/div>\n            <div class=\"kksr-star\" data-star=\"2\" style=\"padding-right: 5px\">\n            \n\n<div class=\"kksr-icon\" style=\"width: 24px; height: 24px;\"><\/div>\n        <\/div>\n            <div class=\"kksr-star\" data-star=\"3\" style=\"padding-right: 5px\">\n            \n\n<div class=\"kksr-icon\" style=\"width: 24px; height: 24px;\"><\/div>\n        <\/div>\n            <div class=\"kksr-star\" data-star=\"4\" style=\"padding-right: 5px\">\n            \n\n<div class=\"kksr-icon\" style=\"width: 24px; height: 24px;\"><\/div>\n        <\/div>\n            <div class=\"kksr-star\" data-star=\"5\" style=\"padding-right: 5px\">\n            \n\n<div class=\"kksr-icon\" style=\"width: 24px; height: 24px;\"><\/div>\n        <\/div>\n    <\/div>\n    \n<div class=\"kksr-stars-active\" style=\"width: 0px;\">\n            <div class=\"kksr-star\" style=\"padding-right: 5px\">\n            \n\n<div class=\"kksr-icon\" style=\"width: 24px; height: 24px;\"><\/div>\n        <\/div>\n            <div class=\"kksr-star\" style=\"padding-right: 5px\">\n            \n\n<div class=\"kksr-icon\" style=\"width: 24px; height: 24px;\"><\/div>\n        <\/div>\n            <div class=\"kksr-star\" style=\"padding-right: 5px\">\n            \n\n<div class=\"kksr-icon\" style=\"width: 24px; height: 24px;\"><\/div>\n        <\/div>\n            <div class=\"kksr-star\" style=\"padding-right: 5px\">\n            \n\n<div class=\"kksr-icon\" style=\"width: 24px; height: 24px;\"><\/div>\n        <\/div>\n            <div class=\"kksr-star\" style=\"padding-right: 5px\">\n            \n\n<div class=\"kksr-icon\" style=\"width: 24px; height: 24px;\"><\/div>\n        <\/div>\n    <\/div>\n<\/div>\n                \n\n<div class=\"kksr-legend\" style=\"font-size: 19.2px;\">\n            <span class=\"kksr-muted\">Rate this post<\/span>\n    <\/div>\n    <\/div>\n<p class=\"western\"><i><b><a href=\"https:\/\/www.laiensalvatorianer.at\/spiritual\/1-adventsonntag-2024-hoffnung\/advent_hope_320_x_240\/\" rel=\"attachment wp-att-2315\"><img loading=\"lazy\" decoding=\"async\" class=\"alignleft size-medium wp-image-2315\" src=\"https:\/\/www.laiensalvatorianer.at\/spiritual\/wp-content\/uploads\/Advent_Hope_320_x_240-178x300.jpg\" alt=\"\" width=\"178\" height=\"300\" srcset=\"https:\/\/www.laiensalvatorianer.at\/spiritual\/wp-content\/uploads\/Advent_Hope_320_x_240-178x300.jpg 178w, https:\/\/www.laiensalvatorianer.at\/spiritual\/wp-content\/uploads\/Advent_Hope_320_x_240.jpg 190w\" sizes=\"auto, (max-width: 178px) 100vw, 178px\" \/><\/a>Hoffnung<\/b><\/i><i> \u2013 das wird als eine zuversichtliche innere Einstellung beschrieben, gepaart mit einer positiven Erwartung. Es gibt jedoch keine wirkliche Gewissheit dar\u00fcber, ob dieses gew\u00fcnschte Ergebnis tats\u00e4chlich eintreten wird oder nicht. Hoffnung ist die umfassende emotionale und oft handlungsleitende Ausrichtung der Menschen auf ihre Zukunft.<\/i>\u201c<\/p>\n<p align=\"justify\">Wenn man ein wenig \u00fcber diese Zeilen nachdenkt, entsteht die Idee, dass Hoffnung immer dann entsteht, wenn Unzufriedenheit oder Unsicherheit herrscht. Angesichts der fast offensichtlichen Bedrohungen f\u00fcr unsere eigentlich wunderbare Erde betrifft dies wahrscheinlich die Mehrheit der Menschen. Die Gr\u00fcnde daf\u00fcr sind vielf\u00e4ltig:<\/p>\n<ul>\n<li>\n<p align=\"justify\">Ob sie vom einsetzenden Klimawandel betroffen sind, weil sie ihr Land und ihr Zuhause verlieren,<\/p>\n<\/li>\n<li>\n<p align=\"justify\">oder ob sie Angst um ihren Arbeitsplatz haben, weil \u00fcber ihren K\u00f6pfen Entscheidungen getroffen werden, die sie nicht beeinflussen k\u00f6nnen \u2013 beides sind Grundlagen ihrer Unsicherheit.<\/p>\n<\/li>\n<li>\n<p align=\"justify\">Oder ob ihre Kinder keine oder nur eine schlechte Ausbildung f\u00fcr ihre Zukunft erhalten k\u00f6nnen oder ihr eigenes Land aufgrund von Misswirtschaft und Korruption oder durch kriegerische und permanente kriminelle Handlungen keine Zukunft mehr bietet.<\/p>\n<\/li>\n<li>\n<p align=\"justify\">Ob das Land durch Naturkatastrophen zerst\u00f6rt und nur vor\u00fcbergehend oder gar nicht wieder aufgebaut wurde, oder ob der Mensch selbst durch sein Handeln Seen austrocknete, Fl\u00fcsse umleitete, das Land durch Technik und Umweltverschmutzung zerst\u00f6rte und verw\u00fcstete und f\u00fcr Generationen unbrauchbar machte.<\/p>\n<\/li>\n<\/ul>\n<p><!--more--><\/p>\n<p align=\"justify\">Wir k\u00f6nnten noch viele weitere Gr\u00fcnde aufz\u00e4hlen. Aber Sie sehen, es gibt genug Gr\u00fcnde f\u00fcr Menschen, dass sie ihre Heimat verlassen m\u00fcssen und sich auf eine ungewisse und gef\u00e4hrliche Reise in die Zukunft zu begeben. \u201eFlucht\u201c und \u201aMigration\u2018 sind in vielen Teilen der heutigen Welt pr\u00e4sent, mit all ihren Begleiterscheinungen und Auswirkungen.<\/p>\n<p align=\"justify\">Flucht \u2013 bedeutet immer, alles Vertraute hinter sich zu lassen: Familie, Freunde und eine gewohnte Umgebung, und sich in die Ungewissheit zu begeben. Wie sehen wir das, die dies nicht unmittelbar betrifft? &#8211; K\u00f6nnen oder wollen wir alle uns wirklich vorstellen, was es bedeutet, nicht zu wissen, ob es morgen etwas zu essen oder zu trinken geben wird, was es hei\u00dft kein Dach \u00fcber dem Kopf zu haben oder in gef\u00e4hrlichen und unw\u00fcrdigen Lagern leben m\u00fcssen? So viele Einzelschicksale werden einfach ignoriert, gehen verloren in einer lauten und brutalen Welt, die von Gier, Wettbewerb, Erfolg und Machtstreben angetrieben wird. Die Verlierer sind \u00fcberall M\u00e4nner, Frauen und Kinder \u2013 alles einfache und einzigartige Menschen, die nur nach einer neuen Lebensgrundlage in Frieden suchen. Sie fallen in den Schatten, in die Bedeutungslosigkeit \u2013 in ein dunkles Nichts \u2026<\/p>\n<p align=\"justify\">Und doch gibt es hier und da kleine Freuden, einen Funken Hoffnung. Sei es der l\u00e4chelnde, ermutigende Blick eines Fremden hinter dem Grenzzaun, das herzliche Lachen einiger junger Leute am Bahnhof oder ein herzliches \u201eGuten Morgen\u201c von der Verk\u00e4uferin oder dem Polizisten. Diese kleinen Lichtblicke im Alltag, die uns daran erinnern, dass es noch etwas anderes gibt, das wir unserem N\u00e4chsten bringen k\u00f6nnen \u2013 etwas, das Licht und W\u00e4rme spendet. Diese kleinen Dinge sind wie die Kerzen, die wir im Advent anz\u00fcnden. Wo zun\u00e4chst Dunkelheit herrscht, ist es pl\u00f6tzlich da, dieses Licht im Dunkeln. Das Licht, das uns wieder Hoffnung gibt. Das Leuchten, das als Eckpfeiler und Richtschnur dient, um auch die noch nicht angez\u00fcndeten Kerzen zu entdecken, die sich im Schatten dahinter befinden. Es er\u00f6ffnet sich ein Weg der Hoffnung, der uns neue Energie und neuen Mut gibt \u2013 und uns ermutigt, die Welt wieder in eine bessere zu verwandeln. Gerade f\u00fcr uns Christen bedeutet das, Hoffnung zu geben, unsere reiche Hoffnung an andere weiterzugeben (vgl. Hebr 6,11-12). Diese Tage des Advents laden uns noch mehr dazu ein, unseren N\u00e4chsten ohne Unterschied zu begegnen, aber mit kleinen Gesten der Liebe und Hoffnung.<\/p>\n<p align=\"justify\">Auf diese Weise k\u00f6nnen wir ein erstes kleines Licht in einer dunklen Umgebung sein, das auf ein viel gr\u00f6\u00dferes, kommendes Licht hinweist.<\/p>\n<p align=\"justify\"><a href=\"https:\/\/www.laiensalvatorianer.at\/spiritual\/1-adventsonntag-2024-hoffnung\/hope24\/\" rel=\"attachment wp-att-2316\"><img loading=\"lazy\" decoding=\"async\" class=\"aligncenter wp-image-2316 size-large\" src=\"https:\/\/www.laiensalvatorianer.at\/spiritual\/wp-content\/uploads\/hope24-1024x579.jpg\" alt=\"\" width=\"900\" height=\"509\" srcset=\"https:\/\/www.laiensalvatorianer.at\/spiritual\/wp-content\/uploads\/hope24-1024x579.jpg 1024w, https:\/\/www.laiensalvatorianer.at\/spiritual\/wp-content\/uploads\/hope24-300x170.jpg 300w, https:\/\/www.laiensalvatorianer.at\/spiritual\/wp-content\/uploads\/hope24-768x434.jpg 768w, https:\/\/www.laiensalvatorianer.at\/spiritual\/wp-content\/uploads\/hope24.jpg 1280w\" sizes=\"auto, (max-width: 900px) 100vw, 900px\" \/><\/a><\/p>\n","protected":false},"excerpt":{"rendered":"<p>Hoffnung \u2013 das wird als eine zuversichtliche innere Einstellung beschrieben, gepaart mit einer positiven Erwartung. Es gibt jedoch keine wirkliche Gewissheit dar\u00fcber, ob dieses gew\u00fcnschte Ergebnis tats\u00e4chlich eintreten wird oder nicht. Hoffnung ist die umfassende emotionale und oft handlungsleitende Ausrichtung &hellip;<\/p>\n<p><a href=\"https:\/\/www.laiensalvatorianer.at\/spiritual\/1-adventsonntag-2024-hoffnung\/\">Continue Reading<span class=\"meta-nav\">&rarr;<\/span><\/a><\/p>\n","protected":false},"author":2,"featured_media":0,"comment_status":"open","ping_status":"open","sticky":false,"template":"","format":"standard","meta":{"ngg_post_thumbnail":0,"footnotes":""},"categories":[330],"tags":[87,335,128],"class_list":["post-2314","post","type-post","status-publish","format-standard","hentry","category-advent","tag-advent","tag-adventsonntag","tag-hoffnung"],"post_mailing_queue_ids":[],"_links":{"self":[{"href":"https:\/\/www.laiensalvatorianer.at\/spiritual\/wp-json\/wp\/v2\/posts\/2314","targetHints":{"allow":["GET"]}}],"collection":[{"href":"https:\/\/www.laiensalvatorianer.at\/spiritual\/wp-json\/wp\/v2\/posts"}],"about":[{"href":"https:\/\/www.laiensalvatorianer.at\/spiritual\/wp-json\/wp\/v2\/types\/post"}],"author":[{"embeddable":true,"href":"https:\/\/www.laiensalvatorianer.at\/spiritual\/wp-json\/wp\/v2\/users\/2"}],"replies":[{"embeddable":true,"href":"https:\/\/www.laiensalvatorianer.at\/spiritual\/wp-json\/wp\/v2\/comments?post=2314"}],"version-history":[{"count":4,"href":"https:\/\/www.laiensalvatorianer.at\/spiritual\/wp-json\/wp\/v2\/posts\/2314\/revisions"}],"predecessor-version":[{"id":2320,"href":"https:\/\/www.laiensalvatorianer.at\/spiritual\/wp-json\/wp\/v2\/posts\/2314\/revisions\/2320"}],"wp:attachment":[{"href":"https:\/\/www.laiensalvatorianer.at\/spiritual\/wp-json\/wp\/v2\/media?parent=2314"}],"wp:term":[{"taxonomy":"category","embeddable":true,"href":"https:\/\/www.laiensalvatorianer.at\/spiritual\/wp-json\/wp\/v2\/categories?post=2314"},{"taxonomy":"post_tag","embeddable":true,"href":"https:\/\/www.laiensalvatorianer.at\/spiritual\/wp-json\/wp\/v2\/tags?post=2314"}],"curies":[{"name":"wp","href":"https:\/\/api.w.org\/{rel}","templated":true}]}}